{"id":1021,"date":"2020-08-04T10:46:58","date_gmt":"2020-08-04T08:46:58","guid":{"rendered":"http:\/\/kolobor.pl\/?p=1021"},"modified":"2020-08-04T10:58:07","modified_gmt":"2020-08-04T08:58:07","slug":"drapiezniki","status":"publish","type":"post","link":"https:\/\/kolobor.pl\/index.php\/2020\/08\/04\/drapiezniki\/","title":{"rendered":"Drapie\u017cniki"},"content":{"rendered":"\n<ul class=\"wp-block-gallery columns-1 is-cropped wp-block-gallery-1 is-layout-flex wp-block-gallery-is-layout-flex\"><li class=\"blocks-gallery-item\"><figure><img loading=\"lazy\" decoding=\"async\" width=\"512\" height=\"341\" src=\"https:\/\/kolobor.pl\/wp-content\/uploads\/2020\/08\/unnamed.jpg\" alt=\"\" data-id=\"1022\" data-link=\"https:\/\/kolobor.pl\/?attachment_id=1022\" class=\"wp-image-1022\" srcset=\"https:\/\/kolobor.pl\/wp-content\/uploads\/2020\/08\/unnamed.jpg 512w, https:\/\/kolobor.pl\/wp-content\/uploads\/2020\/08\/unnamed-300x200.jpg 300w\" sizes=\"auto, (max-width: 512px) 100vw, 512px\" \/><\/figure><\/li><\/ul>\n\n\n\n<p>Sezon \u0142owiecki si\u0119 rozkr\u0119ca, wkr\u00f3tce do naszego kalendarz polowa\u0144 dojd\u0105 kolejne gatunki, tym czasem dzi\u0119ki zaanga\u017cowaniu naszych my\u015bliwych ju\u017c zosta\u0142 prawie zrealizowany plan na drapie\u017cniki na obw. 138 i widz\u0105c liczn\u0105 obecno\u015b\u0107 lisa i innych drapie\u017cnik\u00f3w zosta\u0142 zwi\u0119kszony plan na ten rok pozyskania drapie\u017cnik\u00f3w. Zachcemy do polowa\u0144, gdy\u017c nadal chcemy kontynuowa\u0107 polityk\u0119  introdukcji ba\u017canta w naszych \u0142owiskach.  Dzi\u0119ki intensywnym polowaniom na drapie\u017cniki zwi\u0119ksza si\u0119 populacja zaj\u0119cy, kuropatw i ba\u017cant\u00f3w w naszym \u0142owisku, co cieszy oko ka\u017cdego my\u015bliwego.<\/p>\n\n\n\n<ul class=\"wp-block-gallery columns-0 is-cropped wp-block-gallery-2 is-layout-flex wp-block-gallery-is-layout-flex\"><\/ul>\n\n\n\n<p style=\"text-align:right\">Darz B\u00f3r!<\/p>\n\n\n\n<p style=\"text-align:right\">red. Pawe\u0142 \u0141awrynowicz<\/p>\n","protected":false},"excerpt":{"rendered":"<p>Sezon \u0142owiecki si\u0119 rozkr\u0119ca, wkr\u00f3tce do naszego kalendarz polowa\u0144 dojd\u0105 kolejne gatunki, tym czasem dzi\u0119ki zaanga\u017cowaniu naszych my\u015bliwych ju\u017c zosta\u0142 prawie zrealizowany plan na drapie\u017cniki na obw. 138 i widz\u0105c liczn\u0105 obecno\u015b\u0107 lisa i innych drapie\u017cnik\u00f3w zosta\u0142 zwi\u0119kszony plan na ten rok pozyskania drapie\u017cnik\u00f3w. Zachcemy do polowa\u0144, gdy\u017c nadal chcemy kontynuowa\u0107 polityk\u0119 introdukcji ba\u017canta w &hellip; <\/p>\n<p class=\"link-more\"><a href=\"https:\/\/kolobor.pl\/index.php\/2020\/08\/04\/drapiezniki\/\" class=\"more-link\">Czytaj dalej<span class=\"screen-reader-text\"> \u201eDrapie\u017cniki\u201d<\/span><\/a><\/p>\n","protected":false},"author":5,"featured_media":0,"comment_status":"open","ping_status":"open","sticky":false,"template":"","format":"standard","meta":{"footnotes":""},"categories":[1],"tags":[],"class_list":["post-1021","post","type-post","status-publish","format-standard","hentry","category-bez-kategorii"],"_links":{"self":[{"href":"https:\/\/kolobor.pl\/index.php\/wp-json\/wp\/v2\/posts\/1021","targetHints":{"allow":["GET"]}}],"collection":[{"href":"https:\/\/kolobor.pl\/index.php\/wp-json\/wp\/v2\/posts"}],"about":[{"href":"https:\/\/kolobor.pl\/index.php\/wp-json\/wp\/v2\/types\/post"}],"author":[{"embeddable":true,"href":"https:\/\/kolobor.pl\/index.php\/wp-json\/wp\/v2\/users\/5"}],"replies":[{"embeddable":true,"href":"https:\/\/kolobor.pl\/index.php\/wp-json\/wp\/v2\/comments?post=1021"}],"version-history":[{"count":2,"href":"https:\/\/kolobor.pl\/index.php\/wp-json\/wp\/v2\/posts\/1021\/revisions"}],"predecessor-version":[{"id":1025,"href":"https:\/\/kolobor.pl\/index.php\/wp-json\/wp\/v2\/posts\/1021\/revisions\/1025"}],"wp:attachment":[{"href":"https:\/\/kolobor.pl\/index.php\/wp-json\/wp\/v2\/media?parent=1021"}],"wp:term":[{"taxonomy":"category","embeddable":true,"href":"https:\/\/kolobor.pl\/index.php\/wp-json\/wp\/v2\/categories?post=1021"},{"taxonomy":"post_tag","embeddable":true,"href":"https:\/\/kolobor.pl\/index.php\/wp-json\/wp\/v2\/tags?post=1021"}],"curies":[{"name":"wp","href":"https:\/\/api.w.org\/{rel}","templated":true}]}}