{"id":1106,"date":"2020-12-21T16:47:45","date_gmt":"2020-12-21T15:47:45","guid":{"rendered":"http:\/\/kolobor.pl\/?p=1106"},"modified":"2020-12-21T16:47:46","modified_gmt":"2020-12-21T15:47:46","slug":"boze-narodzenie-2020","status":"publish","type":"post","link":"https:\/\/kolobor.pl\/index.php\/2020\/12\/21\/boze-narodzenie-2020\/","title":{"rendered":"Bo\u017ce Narodzenie 2020"},"content":{"rendered":"\n<figure class=\"wp-block-image size-large\"><img loading=\"lazy\" decoding=\"async\" width=\"512\" height=\"335\" src=\"https:\/\/kolobor.pl\/wp-content\/uploads\/2020\/12\/choinka.jpg\" alt=\"\" class=\"wp-image-1107\" srcset=\"https:\/\/kolobor.pl\/wp-content\/uploads\/2020\/12\/choinka.jpg 512w, https:\/\/kolobor.pl\/wp-content\/uploads\/2020\/12\/choinka-300x196.jpg 300w\" sizes=\"auto, (max-width: 512px) 100vw, 512px\" \/><\/figure>\n\n\n\n<p><strong>K<\/strong>oledzy <\/p>\n\n\n\n<p><strong>C<\/strong>zas \u015awiat Bo\u017cego Narodzenia, daj\u0105cych \u00a0nadzieje i wiar\u0119 na jeszcze lepszy Rok nich b\u0119dzie czasem szczeg\u00f3lnym w gronie Tych kt\u00f3rych kochacie i kt\u00f3rzy Was kochaj\u0105. My nie mo\u017cemy si\u0119 spotka\u0107 i prze\u0142ama\u0107 op\u0142atkiem, dlatego na pami\u0105tk\u0119 czasu gdy Niebo zni\u017ca si\u0119 ku Ziemi my\u015blami i sercami jeste\u015bmy RAZEM, a w Nowym Roku przyzywaj\u0105c pomocy naszego patrona \u015bw. \u00a0Huberta pami\u0119tajmy, \u017ce \u017cycia nie mierzy si\u0119 ilo\u015bci\u0105 oddech\u00f3w ale ilo\u015bci\u0105 chwil, kt\u00f3re zapieraj\u0105 dech w piersiach i tego Wam Koledzy \u017cyczymy.<\/p>\n\n\n\n<p class=\"has-text-align-right\">Darz B\u00f3r!<\/p>\n\n\n\n<p class=\"has-text-align-right\"><strong>Zarz\u0105d Ko\u0142a \u0141owieckiego &#8222;BOR&#8221;<\/strong><\/p>\n","protected":false},"excerpt":{"rendered":"<p>Koledzy Czas \u015awiat Bo\u017cego Narodzenia, daj\u0105cych \u00a0nadzieje i wiar\u0119 na jeszcze lepszy Rok nich b\u0119dzie czasem szczeg\u00f3lnym w gronie Tych kt\u00f3rych kochacie i kt\u00f3rzy Was kochaj\u0105. My nie mo\u017cemy si\u0119 spotka\u0107 i prze\u0142ama\u0107 op\u0142atkiem, dlatego na pami\u0105tk\u0119 czasu gdy Niebo zni\u017ca si\u0119 ku Ziemi my\u015blami i sercami jeste\u015bmy RAZEM, a w Nowym Roku przyzywaj\u0105c pomocy &hellip; <\/p>\n<p class=\"link-more\"><a href=\"https:\/\/kolobor.pl\/index.php\/2020\/12\/21\/boze-narodzenie-2020\/\" class=\"more-link\">Czytaj dalej<span class=\"screen-reader-text\"> \u201eBo\u017ce Narodzenie 2020\u201d<\/span><\/a><\/p>\n","protected":false},"author":5,"featured_media":0,"comment_status":"open","ping_status":"open","sticky":false,"template":"","format":"standard","meta":{"footnotes":""},"categories":[1],"tags":[],"class_list":["post-1106","post","type-post","status-publish","format-standard","hentry","category-bez-kategorii"],"_links":{"self":[{"href":"https:\/\/kolobor.pl\/index.php\/wp-json\/wp\/v2\/posts\/1106","targetHints":{"allow":["GET"]}}],"collection":[{"href":"https:\/\/kolobor.pl\/index.php\/wp-json\/wp\/v2\/posts"}],"about":[{"href":"https:\/\/kolobor.pl\/index.php\/wp-json\/wp\/v2\/types\/post"}],"author":[{"embeddable":true,"href":"https:\/\/kolobor.pl\/index.php\/wp-json\/wp\/v2\/users\/5"}],"replies":[{"embeddable":true,"href":"https:\/\/kolobor.pl\/index.php\/wp-json\/wp\/v2\/comments?post=1106"}],"version-history":[{"count":1,"href":"https:\/\/kolobor.pl\/index.php\/wp-json\/wp\/v2\/posts\/1106\/revisions"}],"predecessor-version":[{"id":1108,"href":"https:\/\/kolobor.pl\/index.php\/wp-json\/wp\/v2\/posts\/1106\/revisions\/1108"}],"wp:attachment":[{"href":"https:\/\/kolobor.pl\/index.php\/wp-json\/wp\/v2\/media?parent=1106"}],"wp:term":[{"taxonomy":"category","embeddable":true,"href":"https:\/\/kolobor.pl\/index.php\/wp-json\/wp\/v2\/categories?post=1106"},{"taxonomy":"post_tag","embeddable":true,"href":"https:\/\/kolobor.pl\/index.php\/wp-json\/wp\/v2\/tags?post=1106"}],"curies":[{"name":"wp","href":"https:\/\/api.w.org\/{rel}","templated":true}]}}