{"id":1323,"date":"2022-05-12T13:27:17","date_gmt":"2022-05-12T11:27:17","guid":{"rendered":"http:\/\/kolobor.pl\/?p=1323"},"modified":"2022-05-12T13:30:24","modified_gmt":"2022-05-12T11:30:24","slug":"refleksja-po-warsztatach-z-muzyki-mysliwskiej","status":"publish","type":"post","link":"https:\/\/kolobor.pl\/index.php\/2022\/05\/12\/refleksja-po-warsztatach-z-muzyki-mysliwskiej\/","title":{"rendered":"Refleksja po Warsztatach z muzyki my\u015bliwskiej"},"content":{"rendered":"\n<figure class=\"wp-block-gallery has-nested-images columns-default is-cropped wp-block-gallery-1 is-layout-flex wp-block-gallery-is-layout-flex\">\n<figure class=\"wp-block-image size-large\"><img loading=\"lazy\" decoding=\"async\" width=\"999\" height=\"550\" data-id=\"1325\" src=\"https:\/\/kolobor.pl\/wp-content\/uploads\/2022\/05\/36b4a45901897d5e6e2c9e415ed12477.jpg\" alt=\"\" class=\"wp-image-1325\" srcset=\"https:\/\/kolobor.pl\/wp-content\/uploads\/2022\/05\/36b4a45901897d5e6e2c9e415ed12477.jpg 999w, https:\/\/kolobor.pl\/wp-content\/uploads\/2022\/05\/36b4a45901897d5e6e2c9e415ed12477-300x165.jpg 300w, https:\/\/kolobor.pl\/wp-content\/uploads\/2022\/05\/36b4a45901897d5e6e2c9e415ed12477-768x423.jpg 768w\" sizes=\"auto, (max-width: 767px) 89vw, (max-width: 1000px) 54vw, (max-width: 1071px) 543px, 580px\" \/><\/figure>\n<\/figure>\n\n\n\n<p>Oto refleksja kolegi, kt\u00f3ra mo\u017ce by\u0107 inspiracja dla wielu.<\/p>\n\n\n\n<p>Moje refleksje po Warsztatach.<br>Kole\u017canki i Koledzy,<br>w PZ\u0141 jestem od 34 lat, od 7 lat mam przyjemno\u015b\u0107 i zaszczyt by\u0107 prezesem Ko\u0142a \u0141owieckiego \u201eB\u00f3r\u201d w Zielonej G\u00f3rze. Jeste\u015bmy szcz\u0119\u015bciarzami, bo mamy w kole pi\u0119ciu sygnalist\u00f3w i sympatyczn\u0105 nastolatk\u0119 Len\u0119, kt\u00f3ra nawet zim\u0105 potrafi wsta\u0107 rano i by\u0107 na zbi\u00f3rce, by swoj\u0105 gr\u0105 na plessie u\u015bwietni\u0107 nasze polowanie. Zawsze chcia\u0142em gra\u0107. Pomy\u015bla\u0142em, \u201es\u0142o\u0144 na ucho mi nie nadepn\u0105\u0142\u201d, jestem wnukiem organisty, a Zarz\u0105d Okr\u0119gowy w Zielonej G\u00f3rze organizuje kurs dla sygnalist\u00f3w. Teraz albo nigdy, zw\u0142aszcza, \u017ce kurs prowadzi Agnieszka Rybicka. Wow, zaraz si\u0119 zmotywowa\u0142em prost\u0105 maksym\u0105 &#8211; gdy stan\u0105\u0142em w lesie na rozstaju dr\u00f3g, pod\u0105\u017cy\u0142em t\u0105 mniej ucz\u0119szczan\u0105, i wiedzia\u0142em, \u017ce to znaczy, \u017ce b\u0119dzie inaczej. I chocia\u017c jest trudno, bo za ma\u0142o \u0107wicz\u0119 &#8211; jest inaczej. Kurs trwa, ale w dniach 05-08 maja Agnieszka Rybicka prowadzi\u0142a XIII Og\u00f3lnopolskie Warsztaty Sygnalist\u00f3w My\u015bliwskich. Wiedzia\u0142em, \u017ce musz\u0119 wzi\u0105\u0107 w nich udzia\u0142. Prze\u0142o\u017cy\u0142em wszystkie zaj\u0119cia zawodowe, odwo\u0142a\u0142em wyk\u0142ady i powtarza\u0142em sobie \u2013 spr\u00f3buj sp\u0119dzi\u0107 dany ci czas tak, aby\u015b mia\u0142 wra\u017cenie \u017ce on p\u0142ynie, a nie \u017ce ci znowu odp\u0142yn\u0105\u0142. <\/p>\n\n\n\n<p>Do Go\u015bci\u0144ca pod D\u0119bem w Jasie\u0144cu zjechali sygnali\u015bci z Jeleniej G\u00f3ry i Kotliny K\u0142odzkiej, Wroc\u0142awia, Szczecina i Zielonej G\u00f3ry. Agnieszka zaprosi\u0142a na Warsztaty wybitnych nauczycieli &#8211; Zbyszka Starost\u0119 i Roberta Rze\u017anika. Ka\u017cdy z nas mia\u0142 mo\u017cliwo\u015b\u0107 indywidualnych lekcji z mentorami i tego do\u015bwiadczenia nie umiem ju\u017c przela\u0107 na papier. Oczywi\u015bcie w ca\u0142ej grupie by\u0142em najbardziej \u201ezielony\u201d. Moj\u0105 bratni\u0105 dusz\u0105 by\u0142 nastoletni, przesympatyczny Wiktor, kt\u00f3ry pierwszy raz spotka\u0142 si\u0119 muzyk\u0105 my\u015bliwsk\u0105. Warsztaty, to tak\u017ce koncerty, koncerty tych Kole\u017canek i Koleg\u00f3w, kt\u00f3rzy z pasji do muzyki my\u015bliwskiej potrafi\u0105 swoj\u0105 gr\u0105 zarazi\u0107 innych. Agnieszka ze swoim Zespo\u0142em Muzyki My\u015bliwskiej \u201eDeLuxe\u201d przygotowa\u0142a koncert (vice mistrzowie Europy). D\u0142ugo my\u015bla\u0142em, jak opisa\u0107 to prze\u017cycie, wiec mo\u017ce tak \u2013 jak nie zgodzi\u0107 si\u0119, \u017ce muzyka daje dusz\u0119 wszech\u015bwiatowi, skrzyd\u0142a umys\u0142owi, lot wyobra\u017ani, a wszystkiemu po prostu \u017cycie. I odkry\u0142 to ju\u017c Platon. Wsp\u00f3lne posi\u0142ki i \u015bpiewy zintegrowa\u0142y nasz\u0105 grup\u0119 i trudno by\u0142o si\u0119 rozsta\u0107. Ka\u017cdy z nas na pewno zapami\u0119ta\u0142, \u017ce \u201ejedna r\u00f3\u017ca mo\u017ce by\u0107 naszym ogrodem\u2026 jeden nowy przyjaciel, cz\u0119\u015bci\u0105 mojego \u015bwiata\u201d Wszyscy zyskali\u015bmy wielu nowych przyjaci\u00f3\u0142.<br>Do zobaczenia na kolejnych Warsztatach Darz B\u00f3r<\/p>\n\n\n\n<p>Aro.<\/p>\n","protected":false},"excerpt":{"rendered":"<p>Oto refleksja kolegi, kt\u00f3ra mo\u017ce by\u0107 inspiracja dla wielu. Moje refleksje po Warsztatach.Kole\u017canki i Koledzy,w PZ\u0141 jestem od 34 lat, od 7 lat mam przyjemno\u015b\u0107 i zaszczyt by\u0107 prezesem Ko\u0142a \u0141owieckiego \u201eB\u00f3r\u201d w Zielonej G\u00f3rze. Jeste\u015bmy szcz\u0119\u015bciarzami, bo mamy w kole pi\u0119ciu sygnalist\u00f3w i sympatyczn\u0105 nastolatk\u0119 Len\u0119, kt\u00f3ra nawet zim\u0105 potrafi wsta\u0107 rano i by\u0107 &hellip; <\/p>\n<p class=\"link-more\"><a href=\"https:\/\/kolobor.pl\/index.php\/2022\/05\/12\/refleksja-po-warsztatach-z-muzyki-mysliwskiej\/\" class=\"more-link\">Czytaj dalej<span class=\"screen-reader-text\"> \u201eRefleksja po Warsztatach z muzyki my\u015bliwskiej\u201d<\/span><\/a><\/p>\n","protected":false},"author":5,"featured_media":0,"comment_status":"open","ping_status":"open","sticky":false,"template":"","format":"standard","meta":{"footnotes":""},"categories":[1],"tags":[],"class_list":["post-1323","post","type-post","status-publish","format-standard","hentry","category-bez-kategorii"],"_links":{"self":[{"href":"https:\/\/kolobor.pl\/index.php\/wp-json\/wp\/v2\/posts\/1323","targetHints":{"allow":["GET"]}}],"collection":[{"href":"https:\/\/kolobor.pl\/index.php\/wp-json\/wp\/v2\/posts"}],"about":[{"href":"https:\/\/kolobor.pl\/index.php\/wp-json\/wp\/v2\/types\/post"}],"author":[{"embeddable":true,"href":"https:\/\/kolobor.pl\/index.php\/wp-json\/wp\/v2\/users\/5"}],"replies":[{"embeddable":true,"href":"https:\/\/kolobor.pl\/index.php\/wp-json\/wp\/v2\/comments?post=1323"}],"version-history":[{"count":5,"href":"https:\/\/kolobor.pl\/index.php\/wp-json\/wp\/v2\/posts\/1323\/revisions"}],"predecessor-version":[{"id":1332,"href":"https:\/\/kolobor.pl\/index.php\/wp-json\/wp\/v2\/posts\/1323\/revisions\/1332"}],"wp:attachment":[{"href":"https:\/\/kolobor.pl\/index.php\/wp-json\/wp\/v2\/media?parent=1323"}],"wp:term":[{"taxonomy":"category","embeddable":true,"href":"https:\/\/kolobor.pl\/index.php\/wp-json\/wp\/v2\/categories?post=1323"},{"taxonomy":"post_tag","embeddable":true,"href":"https:\/\/kolobor.pl\/index.php\/wp-json\/wp\/v2\/tags?post=1323"}],"curies":[{"name":"wp","href":"https:\/\/api.w.org\/{rel}","templated":true}]}}