{"id":1650,"date":"2023-03-14T14:40:17","date_gmt":"2023-03-14T13:40:17","guid":{"rendered":"http:\/\/kolobor.pl\/?p=1650"},"modified":"2023-03-14T14:40:18","modified_gmt":"2023-03-14T13:40:18","slug":"koniec-sezonu-tuz-tuz","status":"publish","type":"post","link":"https:\/\/kolobor.pl\/index.php\/2023\/03\/14\/koniec-sezonu-tuz-tuz\/","title":{"rendered":"Koniec sezonu tu\u017c tu\u017c&#8230;."},"content":{"rendered":"\n<figure class=\"wp-block-image size-full\"><img loading=\"lazy\" decoding=\"async\" width=\"550\" height=\"119\" src=\"https:\/\/kolobor.pl\/wp-content\/uploads\/2023\/03\/07-Koniec-polowania.jpg\" alt=\"\" class=\"wp-image-1651\" srcset=\"https:\/\/kolobor.pl\/wp-content\/uploads\/2023\/03\/07-Koniec-polowania.jpg 550w, https:\/\/kolobor.pl\/wp-content\/uploads\/2023\/03\/07-Koniec-polowania-300x65.jpg 300w\" sizes=\"auto, (max-width: 550px) 100vw, 550px\" \/><\/figure>\n\n\n\n<p>Marzec jest miesi\u0105cem, kiedy w kole ko\u0144czy si\u0119 sezon \u0142owiecki, doka\u0144czane s\u0105 realizacje plan\u00f3w \u0142owiecki, sporz\u0105dzana jest inwentaryzacja obwod\u00f3w wraz z Nadle\u015bnictwami i Izb\u0105 Rolnicz\u0105, s\u0105 r\u00f3wnie\u017c sporz\u0105dzane nowe plany \u0142owieckie na nadchodz\u0105cy sezon 2022\/2023, oraz uzgadniane s\u0105 one z w\u0142adzami gmin na terenie kt\u00f3rych znajduj\u0105 sie nasze obwody. Jest to r\u00f3wnie\u017c czas kiedy s\u0105 przygotowywane sprawozdania za miniony sezon, oraz planowane Walne Zgromadzenie cz\u0142onk\u00f3w Ko\u0142a \u0141owieckiego. Najbli\u017csze Zwyczajne Walne Zgromadzenie cz\u0142onk\u00f3w ko\u0142a \u0142owieckiego Bor odb\u0119dzie sie 27 maja 2023r. Porz\u0105dek posiedzenia i wymagane dokumenty zostan\u0105 przes\u0142ane zgodnie ze statutem poczta do ka\u017cdego cz\u0142onka.<\/p>\n\n\n<div class=\"wp-block-image\">\n<figure class=\"aligncenter size-full\"><img loading=\"lazy\" decoding=\"async\" width=\"292\" height=\"173\" src=\"https:\/\/kolobor.pl\/wp-content\/uploads\/2023\/03\/image.png\" alt=\"\" class=\"wp-image-1652\"\/><\/figure>\n<\/div>","protected":false},"excerpt":{"rendered":"<p>Marzec jest miesi\u0105cem, kiedy w kole ko\u0144czy si\u0119 sezon \u0142owiecki, doka\u0144czane s\u0105 realizacje plan\u00f3w \u0142owiecki, sporz\u0105dzana jest inwentaryzacja obwod\u00f3w wraz z Nadle\u015bnictwami i Izb\u0105 Rolnicz\u0105, s\u0105 r\u00f3wnie\u017c sporz\u0105dzane nowe plany \u0142owieckie na nadchodz\u0105cy sezon 2022\/2023, oraz uzgadniane s\u0105 one z w\u0142adzami gmin na terenie kt\u00f3rych znajduj\u0105 sie nasze obwody. Jest to r\u00f3wnie\u017c czas kiedy s\u0105 &hellip; <\/p>\n<p class=\"link-more\"><a href=\"https:\/\/kolobor.pl\/index.php\/2023\/03\/14\/koniec-sezonu-tuz-tuz\/\" class=\"more-link\">Czytaj dalej<span class=\"screen-reader-text\"> \u201eKoniec sezonu tu\u017c tu\u017c&#8230;.\u201d<\/span><\/a><\/p>\n","protected":false},"author":5,"featured_media":0,"comment_status":"open","ping_status":"open","sticky":false,"template":"","format":"standard","meta":{"footnotes":""},"categories":[1],"tags":[],"class_list":["post-1650","post","type-post","status-publish","format-standard","hentry","category-bez-kategorii"],"_links":{"self":[{"href":"https:\/\/kolobor.pl\/index.php\/wp-json\/wp\/v2\/posts\/1650","targetHints":{"allow":["GET"]}}],"collection":[{"href":"https:\/\/kolobor.pl\/index.php\/wp-json\/wp\/v2\/posts"}],"about":[{"href":"https:\/\/kolobor.pl\/index.php\/wp-json\/wp\/v2\/types\/post"}],"author":[{"embeddable":true,"href":"https:\/\/kolobor.pl\/index.php\/wp-json\/wp\/v2\/users\/5"}],"replies":[{"embeddable":true,"href":"https:\/\/kolobor.pl\/index.php\/wp-json\/wp\/v2\/comments?post=1650"}],"version-history":[{"count":1,"href":"https:\/\/kolobor.pl\/index.php\/wp-json\/wp\/v2\/posts\/1650\/revisions"}],"predecessor-version":[{"id":1653,"href":"https:\/\/kolobor.pl\/index.php\/wp-json\/wp\/v2\/posts\/1650\/revisions\/1653"}],"wp:attachment":[{"href":"https:\/\/kolobor.pl\/index.php\/wp-json\/wp\/v2\/media?parent=1650"}],"wp:term":[{"taxonomy":"category","embeddable":true,"href":"https:\/\/kolobor.pl\/index.php\/wp-json\/wp\/v2\/categories?post=1650"},{"taxonomy":"post_tag","embeddable":true,"href":"https:\/\/kolobor.pl\/index.php\/wp-json\/wp\/v2\/tags?post=1650"}],"curies":[{"name":"wp","href":"https:\/\/api.w.org\/{rel}","templated":true}]}}