{"id":1849,"date":"2023-10-12T14:38:07","date_gmt":"2023-10-12T12:38:07","guid":{"rendered":"http:\/\/kolobor.pl\/?p=1849"},"modified":"2023-10-12T14:48:33","modified_gmt":"2023-10-12T12:48:33","slug":"niech-mu-knieja-wiecznie-szumi","status":"publish","type":"post","link":"https:\/\/kolobor.pl\/index.php\/2023\/10\/12\/niech-mu-knieja-wiecznie-szumi\/","title":{"rendered":"Niech Mu Knieja wiecznie szumi."},"content":{"rendered":"\n<p>Dzi\u015b do Krainy Wiecznych \u0141ow\u00f3w odszed\u0142 nasz kolega Jan Miko\u0142ajczak, ca\u0142ej rodzinie sk\u0142adamy najszczersze kondolencje.<\/p>\n\n\n\n<figure class=\"wp-block-image size-full\"><img loading=\"lazy\" decoding=\"async\" width=\"480\" height=\"480\" src=\"https:\/\/kolobor.pl\/wp-content\/uploads\/2023\/10\/czarna-wstazka.jpg\" alt=\"\" class=\"wp-image-1850\" srcset=\"https:\/\/kolobor.pl\/wp-content\/uploads\/2023\/10\/czarna-wstazka.jpg 480w, https:\/\/kolobor.pl\/wp-content\/uploads\/2023\/10\/czarna-wstazka-300x300.jpg 300w, https:\/\/kolobor.pl\/wp-content\/uploads\/2023\/10\/czarna-wstazka-150x150.jpg 150w, https:\/\/kolobor.pl\/wp-content\/uploads\/2023\/10\/czarna-wstazka-100x100.jpg 100w\" sizes=\"auto, (max-width: 480px) 100vw, 480px\" \/><\/figure>\n\n\n\n<p>A gdy Hubert ju\u017c przyjdzie po Ciebie<\/p>\n\n\n\n<p>I zawo\u0142a Ci\u0119 przez pr\u00f3g<\/p>\n\n\n\n<p>Na te \u0142owy wieczyste na niebie<\/p>\n\n\n\n<p>Tam gdzie wielkim \u0142owczym \u2013 B\u00f3g<\/p>\n\n\n\n<p>Powiesz \u2013 Panie, jeszczem tu na ziemi<\/p>\n\n\n\n<p>Nie <a><\/a>wystrzela\u0142 tej zaszczytnej premii<\/p>\n\n\n\n<p>Daj cho\u0107 roczek, cho\u0107 dzionek, cho\u0107 ranek<\/p>\n\n\n\n<p>Bym Ci Z\u0142om sw\u00f3j zanie\u015b\u0107 m\u00f3g\u0142<\/p>\n\n\n\n<figure class=\"wp-block-image\"><img decoding=\"async\" src=\"https:\/\/scontent-waw1-1.xx.fbcdn.net\/v\/t39.30808-6\/387869499_642776507985799_2896363309927767538_n.jpg?stp=cp6_dst-jpg&amp;_nc_cat=102&amp;ccb=1-7&amp;_nc_sid=5f2048&amp;_nc_ohc=OYk5fIACafIAX-hUqM0&amp;_nc_ht=scontent-waw1-1.xx&amp;oh=00_AfC-8AIoXbWKyvlGbExZ8aVTkhp0ahjx2bOuaIZGbNHWsw&amp;oe=652D9062\" alt=\"Mo\u017ce by\u0107 czarno-bia\u0142ym zdj\u0119ciem przedstawiaj\u0105cym 3 osoby\"\/><\/figure>\n","protected":false},"excerpt":{"rendered":"<p>Dzi\u015b do Krainy Wiecznych \u0141ow\u00f3w odszed\u0142 nasz kolega Jan Miko\u0142ajczak, ca\u0142ej rodzinie sk\u0142adamy najszczersze kondolencje. A gdy Hubert ju\u017c przyjdzie po Ciebie I zawo\u0142a Ci\u0119 przez pr\u00f3g Na te \u0142owy wieczyste na niebie Tam gdzie wielkim \u0142owczym \u2013 B\u00f3g Powiesz \u2013 Panie, jeszczem tu na ziemi Nie wystrzela\u0142 tej zaszczytnej premii Daj cho\u0107 roczek, cho\u0107 &hellip; <\/p>\n<p class=\"link-more\"><a href=\"https:\/\/kolobor.pl\/index.php\/2023\/10\/12\/niech-mu-knieja-wiecznie-szumi\/\" class=\"more-link\">Czytaj dalej<span class=\"screen-reader-text\"> \u201eNiech Mu Knieja wiecznie szumi.\u201d<\/span><\/a><\/p>\n","protected":false},"author":5,"featured_media":0,"comment_status":"open","ping_status":"open","sticky":false,"template":"","format":"standard","meta":{"footnotes":""},"categories":[1],"tags":[],"class_list":["post-1849","post","type-post","status-publish","format-standard","hentry","category-bez-kategorii"],"_links":{"self":[{"href":"https:\/\/kolobor.pl\/index.php\/wp-json\/wp\/v2\/posts\/1849","targetHints":{"allow":["GET"]}}],"collection":[{"href":"https:\/\/kolobor.pl\/index.php\/wp-json\/wp\/v2\/posts"}],"about":[{"href":"https:\/\/kolobor.pl\/index.php\/wp-json\/wp\/v2\/types\/post"}],"author":[{"embeddable":true,"href":"https:\/\/kolobor.pl\/index.php\/wp-json\/wp\/v2\/users\/5"}],"replies":[{"embeddable":true,"href":"https:\/\/kolobor.pl\/index.php\/wp-json\/wp\/v2\/comments?post=1849"}],"version-history":[{"count":2,"href":"https:\/\/kolobor.pl\/index.php\/wp-json\/wp\/v2\/posts\/1849\/revisions"}],"predecessor-version":[{"id":1852,"href":"https:\/\/kolobor.pl\/index.php\/wp-json\/wp\/v2\/posts\/1849\/revisions\/1852"}],"wp:attachment":[{"href":"https:\/\/kolobor.pl\/index.php\/wp-json\/wp\/v2\/media?parent=1849"}],"wp:term":[{"taxonomy":"category","embeddable":true,"href":"https:\/\/kolobor.pl\/index.php\/wp-json\/wp\/v2\/categories?post=1849"},{"taxonomy":"post_tag","embeddable":true,"href":"https:\/\/kolobor.pl\/index.php\/wp-json\/wp\/v2\/tags?post=1849"}],"curies":[{"name":"wp","href":"https:\/\/api.w.org\/{rel}","templated":true}]}}