{"id":246,"date":"2018-03-11T11:29:28","date_gmt":"2018-03-11T10:29:28","guid":{"rendered":"http:\/\/kolobor.pl\/?p=246"},"modified":"2019-06-17T17:33:49","modified_gmt":"2019-06-17T15:33:49","slug":"zmiana-podlowczego-w-obwodzie-184-185","status":"publish","type":"post","link":"https:\/\/kolobor.pl\/index.php\/2018\/03\/11\/zmiana-podlowczego-w-obwodzie-184-185\/","title":{"rendered":"Zmiana pod\u0142owczego w obwodzie 184\/185"},"content":{"rendered":"\n<p>Kole\u017canki i Koledzy w zwi\u0105zku z rezygnacj\u0105 z funkcji cz\u0142onka Zarz\u0105du  kol. Macieja Lewickiego zgodnie z par.62 ust. 5 oraz ust.8, do czasu  najbli\u017cszego walnego zgromadzenia zarz\u0105d ko\u0142a uchwa\u0142\u0105 z dnia  07.02.2018r. powierzy\u0142 pe\u0142nienie obowi\u0105zk\u00f3w pod\u0142owczego obw. 184\/185  kol. Kamilowi Reszczy\u0144skiemu. Nr telefonu do Kamila zosta\u0142 wys\u0142any  sms-em do wszystkich. <\/p>\n\n\n\n<p style=\"text-align:right\"> Darz B\u00f3r<\/p>\n","protected":false},"excerpt":{"rendered":"<p>Kole\u017canki i Koledzy w zwi\u0105zku z rezygnacj\u0105 z funkcji cz\u0142onka Zarz\u0105du kol. Macieja Lewickiego zgodnie z par.62 ust. 5 oraz ust.8, do czasu najbli\u017cszego walnego zgromadzenia zarz\u0105d ko\u0142a uchwa\u0142\u0105 z dnia 07.02.2018r. powierzy\u0142 pe\u0142nienie obowi\u0105zk\u00f3w pod\u0142owczego obw. 184\/185 kol. Kamilowi Reszczy\u0144skiemu. Nr telefonu do Kamila zosta\u0142 wys\u0142any sms-em do wszystkich.<\/p>\n","protected":false},"author":1,"featured_media":0,"comment_status":"closed","ping_status":"closed","sticky":false,"template":"","format":"standard","meta":{"footnotes":""},"categories":[1],"tags":[],"class_list":["post-246","post","type-post","status-publish","format-standard","hentry","category-bez-kategorii"],"_links":{"self":[{"href":"https:\/\/kolobor.pl\/index.php\/wp-json\/wp\/v2\/posts\/246","targetHints":{"allow":["GET"]}}],"collection":[{"href":"https:\/\/kolobor.pl\/index.php\/wp-json\/wp\/v2\/posts"}],"about":[{"href":"https:\/\/kolobor.pl\/index.php\/wp-json\/wp\/v2\/types\/post"}],"author":[{"embeddable":true,"href":"https:\/\/kolobor.pl\/index.php\/wp-json\/wp\/v2\/users\/1"}],"replies":[{"embeddable":true,"href":"https:\/\/kolobor.pl\/index.php\/wp-json\/wp\/v2\/comments?post=246"}],"version-history":[{"count":1,"href":"https:\/\/kolobor.pl\/index.php\/wp-json\/wp\/v2\/posts\/246\/revisions"}],"predecessor-version":[{"id":247,"href":"https:\/\/kolobor.pl\/index.php\/wp-json\/wp\/v2\/posts\/246\/revisions\/247"}],"wp:attachment":[{"href":"https:\/\/kolobor.pl\/index.php\/wp-json\/wp\/v2\/media?parent=246"}],"wp:term":[{"taxonomy":"category","embeddable":true,"href":"https:\/\/kolobor.pl\/index.php\/wp-json\/wp\/v2\/categories?post=246"},{"taxonomy":"post_tag","embeddable":true,"href":"https:\/\/kolobor.pl\/index.php\/wp-json\/wp\/v2\/tags?post=246"}],"curies":[{"name":"wp","href":"https:\/\/api.w.org\/{rel}","templated":true}]}}