{"id":3077,"date":"2025-05-31T22:36:46","date_gmt":"2025-05-31T20:36:46","guid":{"rendered":"https:\/\/kolobor.pl\/?p=3077"},"modified":"2025-05-31T23:03:47","modified_gmt":"2025-05-31T21:03:47","slug":"dzien-dziecka-w-chocimku-moc-emocji-ryk-silnikow-i-serca-pelne-radosci","status":"publish","type":"post","link":"https:\/\/kolobor.pl\/index.php\/2025\/05\/31\/dzien-dziecka-w-chocimku-moc-emocji-ryk-silnikow-i-serca-pelne-radosci\/","title":{"rendered":"Dzie\u0144 Dziecka w Chocimku \u2013 moc emocji, ryk silnik\u00f3w i serca pe\u0142ne rado\u015bci"},"content":{"rendered":"\n<h3 class=\"wp-block-heading\"><strong>31 maja 2025 roku<\/strong>, w sobotnie popo\u0142udnie i wiecz\u00f3r, Chocimek t\u0119tni\u0142 \u017cyciem, \u015bmiechem i d\u017awi\u0119kiem pot\u0119\u017cnych silnik\u00f3w. To w\u0142a\u015bnie tu, w sercu zielonog\u00f3rskich las\u00f3w, <strong>Ko\u0142o \u0141owieckie \u201eB\u00f3r\u201d<\/strong> po raz kolejny mia\u0142o zaszczyt go\u015bci\u0107 dzieci z Domu Dziecka w Lubsku, organizuj\u0105c dla nich wyj\u0105tkowy <strong>Dzie\u0144 Dziecka<\/strong> \u2013 dzie\u0144 pe\u0142en przyg\u00f3d, emocji i szczerej rado\u015bci, kt\u00f3rej nie spos\u00f3b by\u0142o nie zauwa\u017cy\u0107.<\/h3>\n\n\n<div class=\"wp-block-image\">\n<figure class=\"aligncenter size-large is-resized\"><img loading=\"lazy\" decoding=\"async\" width=\"1024\" height=\"768\" src=\"https:\/\/kolobor.pl\/wp-content\/uploads\/2025\/05\/2025-05-31-18.15.11-1-1024x768.jpg\" alt=\"\" class=\"wp-image-3105\" style=\"width:365px;height:auto\" srcset=\"https:\/\/kolobor.pl\/wp-content\/uploads\/2025\/05\/2025-05-31-18.15.11-1-1024x768.jpg 1024w, https:\/\/kolobor.pl\/wp-content\/uploads\/2025\/05\/2025-05-31-18.15.11-1-300x225.jpg 300w, https:\/\/kolobor.pl\/wp-content\/uploads\/2025\/05\/2025-05-31-18.15.11-1-768x576.jpg 768w, https:\/\/kolobor.pl\/wp-content\/uploads\/2025\/05\/2025-05-31-18.15.11-1-1536x1152.jpg 1536w, https:\/\/kolobor.pl\/wp-content\/uploads\/2025\/05\/2025-05-31-18.15.11-1-2048x1536.jpg 2048w\" sizes=\"auto, (max-width: 767px) 89vw, (max-width: 1000px) 54vw, (max-width: 1071px) 543px, 580px\" \/><\/figure>\n<\/div>\n\n\n<p>Ju\u017c od pierwszych chwil na twarzach naszych ma\u0142ych go\u015bci malowa\u0142o si\u0119 niedowierzanie i ekscytacja \u2013 wszystko za spraw\u0105 <strong>niezwyk\u0142ych pojazd\u00f3w<\/strong>, kt\u00f3re otwiera\u0142y wydarzenie. Pot\u0119\u017cne <strong>Mustangi<\/strong>, z silnikami rycz\u0105cymi jak dzika natura, zabra\u0142y dzieci w emocjonuj\u0105ce przeja\u017cd\u017cki po okolicy \u2013 niezapomniane wra\u017cenia gwarantowane!<\/p>\n\n\n<div class=\"wp-block-image\">\n<figure class=\"aligncenter size-large is-resized\"><img loading=\"lazy\" decoding=\"async\" width=\"1024\" height=\"768\" src=\"https:\/\/kolobor.pl\/wp-content\/uploads\/2025\/05\/2025-05-31-17.06.15-1-1024x768.jpg\" alt=\"\" class=\"wp-image-3107\" style=\"width:459px;height:auto\" srcset=\"https:\/\/kolobor.pl\/wp-content\/uploads\/2025\/05\/2025-05-31-17.06.15-1-1024x768.jpg 1024w, https:\/\/kolobor.pl\/wp-content\/uploads\/2025\/05\/2025-05-31-17.06.15-1-300x225.jpg 300w, https:\/\/kolobor.pl\/wp-content\/uploads\/2025\/05\/2025-05-31-17.06.15-1-768x576.jpg 768w, https:\/\/kolobor.pl\/wp-content\/uploads\/2025\/05\/2025-05-31-17.06.15-1-1536x1152.jpg 1536w, https:\/\/kolobor.pl\/wp-content\/uploads\/2025\/05\/2025-05-31-17.06.15-1-2048x1536.jpg 2048w\" sizes=\"auto, (max-width: 767px) 89vw, (max-width: 1000px) 54vw, (max-width: 1071px) 543px, 580px\" \/><\/figure>\n<\/div>\n\n\n<div class=\"wp-block-group is-nowrap is-layout-flex wp-container-core-group-is-layout-ad2f72ca wp-block-group-is-layout-flex\">\n<figure class=\"wp-block-video\"><video height=\"1440\" style=\"aspect-ratio: 1920 \/ 1440;\" width=\"1920\" controls src=\"https:\/\/kolobor.pl\/wp-content\/uploads\/2025\/05\/2025-05-31-17.10.17.mov\"><\/video><\/figure>\n<\/div>\n\n\n<div class=\"wp-block-image\">\n<figure class=\"aligncenter size-large is-resized\"><img loading=\"lazy\" decoding=\"async\" width=\"1024\" height=\"768\" src=\"https:\/\/kolobor.pl\/wp-content\/uploads\/2025\/05\/2025-05-31-17.06.06-2-1024x768.jpg\" alt=\"\" class=\"wp-image-3099\" style=\"width:592px;height:auto\" srcset=\"https:\/\/kolobor.pl\/wp-content\/uploads\/2025\/05\/2025-05-31-17.06.06-2-1024x768.jpg 1024w, https:\/\/kolobor.pl\/wp-content\/uploads\/2025\/05\/2025-05-31-17.06.06-2-300x225.jpg 300w, https:\/\/kolobor.pl\/wp-content\/uploads\/2025\/05\/2025-05-31-17.06.06-2-768x576.jpg 768w, https:\/\/kolobor.pl\/wp-content\/uploads\/2025\/05\/2025-05-31-17.06.06-2-1536x1152.jpg 1536w, https:\/\/kolobor.pl\/wp-content\/uploads\/2025\/05\/2025-05-31-17.06.06-2-2048x1536.jpg 2048w\" sizes=\"auto, (max-width: 767px) 89vw, (max-width: 1000px) 54vw, (max-width: 1071px) 543px, 580px\" \/><\/figure>\n<\/div>\n\n\n<div class=\"wp-block-group is-nowrap is-layout-flex wp-container-core-group-is-layout-ad2f72ca wp-block-group-is-layout-flex\">\n<figure class=\"wp-block-video\"><video height=\"1440\" style=\"aspect-ratio: 1920 \/ 1440;\" width=\"1920\" controls src=\"https:\/\/kolobor.pl\/wp-content\/uploads\/2025\/05\/2025-05-31-17.11.22.mov\"><\/video><\/figure>\n<\/div>\n\n\n\n<p>Nast\u0119pnie przyszed\u0142 czas na wyjazd do lasu naszym <strong>ko\u0142owym \u201eosinobusem\u201d<\/strong>, kt\u00f3ry sam w sobie jest atrakcj\u0105. Kierowa\u0142 niezawodny kolega Leszek. Tam czeka\u0142a edukacyjno-przyrodnicza przygoda \u2013 rozk\u0142adali\u015bmy <strong>s\u00f3l w lizawkach<\/strong>, sypali\u015bmy <strong>kukurydz\u0119 na zapor\u00f3wkach<\/strong>, a wszystko po to, by pokaza\u0107 najm\u0142odszym, na czym polega codzienna troska o dzik\u0105 zwierzyn\u0119. Wiedze przekazywa\u0142 pod\u0142owczy Kamil, kt\u00f3ry jak nikt inny zna nasze \u0142owisko.<\/p>\n\n\n<div class=\"wp-block-image\">\n<figure class=\"aligncenter size-large is-resized\"><img loading=\"lazy\" decoding=\"async\" width=\"1024\" height=\"768\" src=\"https:\/\/kolobor.pl\/wp-content\/uploads\/2025\/05\/2025-05-31-17.23.50-1-1024x768.jpg\" alt=\"\" class=\"wp-image-3103\" style=\"width:315px;height:auto\" srcset=\"https:\/\/kolobor.pl\/wp-content\/uploads\/2025\/05\/2025-05-31-17.23.50-1-1024x768.jpg 1024w, https:\/\/kolobor.pl\/wp-content\/uploads\/2025\/05\/2025-05-31-17.23.50-1-300x225.jpg 300w, https:\/\/kolobor.pl\/wp-content\/uploads\/2025\/05\/2025-05-31-17.23.50-1-768x576.jpg 768w, https:\/\/kolobor.pl\/wp-content\/uploads\/2025\/05\/2025-05-31-17.23.50-1-1536x1152.jpg 1536w, https:\/\/kolobor.pl\/wp-content\/uploads\/2025\/05\/2025-05-31-17.23.50-1-2048x1536.jpg 2048w\" sizes=\"auto, (max-width: 767px) 89vw, (max-width: 1000px) 54vw, (max-width: 1071px) 543px, 580px\" \/><\/figure>\n<\/div>\n\n\n<p>Szczeg\u00f3lnym punktem wyprawy by\u0142o <strong>spotkanie z le\u015bniczym Marcinem<\/strong>, kt\u00f3ry zabra\u0142 wszystkich na uprawy le\u015bne, opowiadaj\u0105c o tym, jak ro\u015bnie las i jak si\u0119 nim opiekuje. Nie zabrak\u0142o oczywi\u015bcie degustacji \u2013 dzieci z ciekawo\u015bci\u0105 si\u0119ga\u0142y po \u015bwie\u017ce p\u0119dy sosny, odkrywaj\u0105c ich niezwyk\u0142y smak. Marcin zosta\u0142 pod koniec sowicie obsypany\u2026 kukurydz\u0105 \u2013 na szcz\u0119\u015bcie, bo \u015bmiechu przy tym by\u0142o co niemiara!<\/p>\n\n\n\n<p>Po powrocie na teren domku \u0142owieckiego, czeka\u0142y ju\u017c przygotowane <strong>kie\u0142baski i pra\u017cona kukurydza<\/strong>, o kt\u00f3re zadbali niezawodni Marcin i Tomek. Zapach ogniska i wsp\u00f3lne pieczenie jedzenia stworzy\u0142y atmosfer\u0119 jak z rodzinnego biwaku.<\/p>\n\n\n\n<p>Kolejna cz\u0119\u015b\u0107 spotkania to ju\u017c prawdziwa feeria dzieci\u0119cej energii \u2013 na placu za stodo\u0142\u0105 rozstawione by\u0142y <strong>dmuchane zamki<\/strong>, a <strong>animatorzy<\/strong> czarowali dzieci malowaniem twarzy, tatua\u017cami i licznymi zabawami. Rado\u015b\u0107 by\u0142a wszechobecna \u2013 niezale\u017cnie od wieku, <strong>ka\u017cde dziecko znalaz\u0142o co\u015b dla siebie<\/strong>.<\/p>\n\n\n\n<figure class=\"wp-block-gallery has-nested-images columns-default is-cropped wp-block-gallery-1 is-layout-flex wp-block-gallery-is-layout-flex\">\n<figure class=\"wp-block-image size-large is-resized\"><img loading=\"lazy\" decoding=\"async\" width=\"1024\" height=\"768\" data-id=\"3089\" src=\"https:\/\/kolobor.pl\/wp-content\/uploads\/2025\/05\/2025-05-31-18.35.17-1-1024x768.jpg\" alt=\"\" class=\"wp-image-3089\" style=\"width:249px;height:auto\" srcset=\"https:\/\/kolobor.pl\/wp-content\/uploads\/2025\/05\/2025-05-31-18.35.17-1-1024x768.jpg 1024w, https:\/\/kolobor.pl\/wp-content\/uploads\/2025\/05\/2025-05-31-18.35.17-1-300x225.jpg 300w, https:\/\/kolobor.pl\/wp-content\/uploads\/2025\/05\/2025-05-31-18.35.17-1-768x576.jpg 768w, https:\/\/kolobor.pl\/wp-content\/uploads\/2025\/05\/2025-05-31-18.35.17-1-1536x1152.jpg 1536w, https:\/\/kolobor.pl\/wp-content\/uploads\/2025\/05\/2025-05-31-18.35.17-1-2048x1536.jpg 2048w\" sizes=\"auto, (max-width: 767px) 89vw, (max-width: 1000px) 54vw, (max-width: 1071px) 543px, 580px\" \/><\/figure>\n\n\n\n<figure class=\"wp-block-image size-large\"><img loading=\"lazy\" decoding=\"async\" width=\"1024\" height=\"768\" data-id=\"3091\" src=\"https:\/\/kolobor.pl\/wp-content\/uploads\/2025\/05\/2025-05-31-18.35.27-1-1024x768.jpg\" alt=\"\" class=\"wp-image-3091\" srcset=\"https:\/\/kolobor.pl\/wp-content\/uploads\/2025\/05\/2025-05-31-18.35.27-1-1024x768.jpg 1024w, https:\/\/kolobor.pl\/wp-content\/uploads\/2025\/05\/2025-05-31-18.35.27-1-300x225.jpg 300w, https:\/\/kolobor.pl\/wp-content\/uploads\/2025\/05\/2025-05-31-18.35.27-1-768x576.jpg 768w, https:\/\/kolobor.pl\/wp-content\/uploads\/2025\/05\/2025-05-31-18.35.27-1-1536x1152.jpg 1536w, https:\/\/kolobor.pl\/wp-content\/uploads\/2025\/05\/2025-05-31-18.35.27-1-2048x1536.jpg 2048w\" sizes=\"auto, (max-width: 767px) 89vw, (max-width: 1000px) 54vw, (max-width: 1071px) 543px, 580px\" \/><\/figure>\n<\/figure>\n\n\n\n<p>Ogromnym hitem okaza\u0142o si\u0119 r\u00f3wnie\u017c <strong>stanowisko ASG<\/strong>, przygotowane przez Natana i jego koleg\u0119. Dzieci mog\u0142y spr\u00f3bowa\u0107 swoich si\u0142 w strzelaniu z r\u00f3\u017cnego rodzaju pistolet\u00f3w \u2013 emocje si\u0119ga\u0142y zenitu!<\/p>\n\n\n\n<figure class=\"wp-block-gallery has-nested-images columns-default is-cropped wp-block-gallery-2 is-layout-flex wp-block-gallery-is-layout-flex\">\n<figure class=\"wp-block-image size-large is-resized\"><img loading=\"lazy\" decoding=\"async\" width=\"768\" height=\"1024\" data-id=\"3081\" src=\"https:\/\/kolobor.pl\/wp-content\/uploads\/2025\/05\/2025-05-31-20.54.22-1-768x1024.jpg\" alt=\"\" class=\"wp-image-3081\" style=\"width:287px;height:auto\" srcset=\"https:\/\/kolobor.pl\/wp-content\/uploads\/2025\/05\/2025-05-31-20.54.22-1-768x1024.jpg 768w, https:\/\/kolobor.pl\/wp-content\/uploads\/2025\/05\/2025-05-31-20.54.22-1-225x300.jpg 225w, https:\/\/kolobor.pl\/wp-content\/uploads\/2025\/05\/2025-05-31-20.54.22-1-1152x1536.jpg 1152w, https:\/\/kolobor.pl\/wp-content\/uploads\/2025\/05\/2025-05-31-20.54.22-1-1536x2048.jpg 1536w, https:\/\/kolobor.pl\/wp-content\/uploads\/2025\/05\/2025-05-31-20.54.22-1-scaled.jpg 1920w\" sizes=\"auto, (max-width: 767px) 89vw, (max-width: 1000px) 54vw, (max-width: 1071px) 543px, 580px\" \/><\/figure>\n\n\n\n<figure class=\"wp-block-image size-large\"><img loading=\"lazy\" decoding=\"async\" width=\"1024\" height=\"768\" data-id=\"3086\" src=\"https:\/\/kolobor.pl\/wp-content\/uploads\/2025\/05\/2025-05-31-18.35.07-1024x768.jpg\" alt=\"\" class=\"wp-image-3086\" srcset=\"https:\/\/kolobor.pl\/wp-content\/uploads\/2025\/05\/2025-05-31-18.35.07-1024x768.jpg 1024w, https:\/\/kolobor.pl\/wp-content\/uploads\/2025\/05\/2025-05-31-18.35.07-300x225.jpg 300w, https:\/\/kolobor.pl\/wp-content\/uploads\/2025\/05\/2025-05-31-18.35.07-768x576.jpg 768w, https:\/\/kolobor.pl\/wp-content\/uploads\/2025\/05\/2025-05-31-18.35.07-1536x1152.jpg 1536w, https:\/\/kolobor.pl\/wp-content\/uploads\/2025\/05\/2025-05-31-18.35.07-2048x1536.jpg 2048w\" sizes=\"auto, (max-width: 767px) 89vw, (max-width: 1000px) 54vw, (max-width: 1071px) 543px, 580px\" \/><\/figure>\n<\/figure>\n\n\n\n<p>Oczywi\u015bcie nie zabrak\u0142o s\u0142odkiego akcentu \u2013 <strong>ciasta z cukierni kolegi Mi\u0142osza<\/strong> znika\u0142y w mgnieniu oka, przynosz\u0105c chwil\u0119 b\u0142ogiego odpoczynku.<\/p>\n\n\n\n<p>Na koniec dnia \u2013 gdy s\u0142o\u0144ce chyli\u0142o si\u0119 ku zachodowi \u2013 Chocimek zn\u00f3w zatrz\u0105s\u0142 si\u0119 od ryku silnik\u00f3w. Na sygna\u0142ach, z hukiem i u\u015bmiechami, przyjecha\u0142a kolejna ekipa <strong>ameryka\u0144skich samochod\u00f3w<\/strong>, by z fasonem odwie\u017a\u0107 naszych go\u015bci z powrotem do domu.<\/p>\n\n\n\n<figure class=\"wp-block-video aligncenter\"><video height=\"1440\" style=\"aspect-ratio: 1920 \/ 1440;\" width=\"1920\" controls src=\"https:\/\/kolobor.pl\/wp-content\/uploads\/2025\/05\/2025-05-31-18.46.47-1.mov\"><\/video><\/figure>\n\n\n\n<hr class=\"wp-block-separator has-alpha-channel-opacity\"\/>\n\n\n\n<p><strong>To by\u0142 dzie\u0144 pe\u0142en emocji, wzrusze\u0144 i szczerej dzieci\u0119cej rado\u015bci<\/strong>. Dla nas, cz\u0142onk\u00f3w Ko\u0142a \u0141owieckiego \u201eB\u00f3r\u201d, to zaszczyt i ogromna przyjemno\u015b\u0107 m\u00f3c dzieli\u0107 si\u0119 tym, co mamy \u2013 natur\u0105, pasj\u0105, czasem i sercem.<\/p>\n\n\n\n<p><strong>Dzi\u0119kujemy wszystkim, kt\u00f3rzy przyczynili si\u0119 do organizacji tego magicznego dnia<\/strong> \u2013 bo w\u0142a\u015bnie dzi\u0119ki takim chwilom wiemy, \u017ce to, co robimy, ma sens.<\/p>\n\n\n\n<figure class=\"wp-block-video\"><\/figure>\n\n\n\n<p>fot. red. Pawe\u0142 \u0141awrynowicz<\/p>\n","protected":false},"excerpt":{"rendered":"<p>31 maja 2025 roku, w sobotnie popo\u0142udnie i wiecz\u00f3r, Chocimek t\u0119tni\u0142 \u017cyciem, \u015bmiechem i d\u017awi\u0119kiem pot\u0119\u017cnych silnik\u00f3w. To w\u0142a\u015bnie tu, w sercu zielonog\u00f3rskich las\u00f3w, Ko\u0142o \u0141owieckie \u201eB\u00f3r\u201d po raz kolejny mia\u0142o zaszczyt go\u015bci\u0107 dzieci z Domu Dziecka w Lubsku, organizuj\u0105c dla nich wyj\u0105tkowy Dzie\u0144 Dziecka \u2013 dzie\u0144 pe\u0142en przyg\u00f3d, emocji i szczerej rado\u015bci, kt\u00f3rej nie &hellip; <\/p>\n<p class=\"link-more\"><a href=\"https:\/\/kolobor.pl\/index.php\/2025\/05\/31\/dzien-dziecka-w-chocimku-moc-emocji-ryk-silnikow-i-serca-pelne-radosci\/\" class=\"more-link\">Czytaj dalej<span class=\"screen-reader-text\"> \u201eDzie\u0144 Dziecka w Chocimku \u2013 moc emocji, ryk silnik\u00f3w i serca pe\u0142ne rado\u015bci\u201d<\/span><\/a><\/p>\n","protected":false},"author":5,"featured_media":0,"comment_status":"open","ping_status":"open","sticky":false,"template":"","format":"standard","meta":{"footnotes":""},"categories":[1],"tags":[],"class_list":["post-3077","post","type-post","status-publish","format-standard","hentry","category-bez-kategorii"],"_links":{"self":[{"href":"https:\/\/kolobor.pl\/index.php\/wp-json\/wp\/v2\/posts\/3077","targetHints":{"allow":["GET"]}}],"collection":[{"href":"https:\/\/kolobor.pl\/index.php\/wp-json\/wp\/v2\/posts"}],"about":[{"href":"https:\/\/kolobor.pl\/index.php\/wp-json\/wp\/v2\/types\/post"}],"author":[{"embeddable":true,"href":"https:\/\/kolobor.pl\/index.php\/wp-json\/wp\/v2\/users\/5"}],"replies":[{"embeddable":true,"href":"https:\/\/kolobor.pl\/index.php\/wp-json\/wp\/v2\/comments?post=3077"}],"version-history":[{"count":8,"href":"https:\/\/kolobor.pl\/index.php\/wp-json\/wp\/v2\/posts\/3077\/revisions"}],"predecessor-version":[{"id":3110,"href":"https:\/\/kolobor.pl\/index.php\/wp-json\/wp\/v2\/posts\/3077\/revisions\/3110"}],"wp:attachment":[{"href":"https:\/\/kolobor.pl\/index.php\/wp-json\/wp\/v2\/media?parent=3077"}],"wp:term":[{"taxonomy":"category","embeddable":true,"href":"https:\/\/kolobor.pl\/index.php\/wp-json\/wp\/v2\/categories?post=3077"},{"taxonomy":"post_tag","embeddable":true,"href":"https:\/\/kolobor.pl\/index.php\/wp-json\/wp\/v2\/tags?post=3077"}],"curies":[{"name":"wp","href":"https:\/\/api.w.org\/{rel}","templated":true}]}}