{"id":3272,"date":"2026-04-19T17:31:53","date_gmt":"2026-04-19T15:31:53","guid":{"rendered":"https:\/\/kolobor.pl\/?p=3272"},"modified":"2026-04-19T17:31:54","modified_gmt":"2026-04-19T15:31:54","slug":"plan-dyzurow-2026","status":"publish","type":"post","link":"https:\/\/kolobor.pl\/index.php\/2026\/04\/19\/plan-dyzurow-2026\/","title":{"rendered":"Plan dy\u017cur\u00f3w 2026"},"content":{"rendered":"\n<p>Kole\u017canki i Koledzy,\u200b<\/p>\n\n\n\n<p>W naszych obwodach \u0142owieckich rozpoczyna si\u0119 w\u0142a\u015bnie czas zasiew\u00f3w. Aby uchroni\u0107 uprawy przed dzikami i zminimalizowa\u0107 szkody \u0142owieckie, zaplanowali\u015bmy harmonogram dy\u017cur\u00f3w polegaj\u0105cych na pilnowaniu p\u00f3l. \u200bPoni\u017cej za\u0142\u0105czamy szczeg\u00f3\u0142owy grafik obecno\u015bci.\u200b Apelujemy o rzetelne i odpowiedzialne podej\u015bcie do tego zadania. To od naszego wsp\u00f3lnego zaanga\u017cowania w terenie zale\u017cy, ile strat w uprawach uda nam si\u0119 unikn\u0105\u0107. Pami\u0119tajmy, \u017ce wszystko jest w naszych r\u0119kach.<\/p>\n\n\n\n<figure class=\"wp-block-image size-large\"><img loading=\"lazy\" decoding=\"async\" width=\"749\" height=\"1024\" src=\"https:\/\/kolobor.pl\/wp-content\/uploads\/2026\/04\/1000060958-749x1024.jpg\" alt=\"\" class=\"wp-image-3273\" srcset=\"https:\/\/kolobor.pl\/wp-content\/uploads\/2026\/04\/1000060958-749x1024.jpg 749w, https:\/\/kolobor.pl\/wp-content\/uploads\/2026\/04\/1000060958-219x300.jpg 219w, https:\/\/kolobor.pl\/wp-content\/uploads\/2026\/04\/1000060958-768x1050.jpg 768w, https:\/\/kolobor.pl\/wp-content\/uploads\/2026\/04\/1000060958.jpg 901w\" sizes=\"auto, (max-width: 706px) 89vw, (max-width: 767px) 82vw, 740px\" \/><\/figure>\n","protected":false},"excerpt":{"rendered":"<p>Kole\u017canki i Koledzy,\u200b W naszych obwodach \u0142owieckich rozpoczyna si\u0119 w\u0142a\u015bnie czas zasiew\u00f3w. Aby uchroni\u0107 uprawy przed dzikami i zminimalizowa\u0107 szkody \u0142owieckie, zaplanowali\u015bmy harmonogram dy\u017cur\u00f3w polegaj\u0105cych na pilnowaniu p\u00f3l. \u200bPoni\u017cej za\u0142\u0105czamy szczeg\u00f3\u0142owy grafik obecno\u015bci.\u200b Apelujemy o rzetelne i odpowiedzialne podej\u015bcie do tego zadania. To od naszego wsp\u00f3lnego zaanga\u017cowania w terenie zale\u017cy, ile strat w uprawach uda &hellip; <\/p>\n<p class=\"link-more\"><a href=\"https:\/\/kolobor.pl\/index.php\/2026\/04\/19\/plan-dyzurow-2026\/\" class=\"more-link\">Czytaj dalej<span class=\"screen-reader-text\"> \u201ePlan dy\u017cur\u00f3w 2026\u201d<\/span><\/a><\/p>\n","protected":false},"author":8,"featured_media":0,"comment_status":"open","ping_status":"open","sticky":false,"template":"","format":"standard","meta":{"footnotes":""},"categories":[1],"tags":[],"class_list":["post-3272","post","type-post","status-publish","format-standard","hentry","category-bez-kategorii"],"_links":{"self":[{"href":"https:\/\/kolobor.pl\/index.php\/wp-json\/wp\/v2\/posts\/3272","targetHints":{"allow":["GET"]}}],"collection":[{"href":"https:\/\/kolobor.pl\/index.php\/wp-json\/wp\/v2\/posts"}],"about":[{"href":"https:\/\/kolobor.pl\/index.php\/wp-json\/wp\/v2\/types\/post"}],"author":[{"embeddable":true,"href":"https:\/\/kolobor.pl\/index.php\/wp-json\/wp\/v2\/users\/8"}],"replies":[{"embeddable":true,"href":"https:\/\/kolobor.pl\/index.php\/wp-json\/wp\/v2\/comments?post=3272"}],"version-history":[{"count":1,"href":"https:\/\/kolobor.pl\/index.php\/wp-json\/wp\/v2\/posts\/3272\/revisions"}],"predecessor-version":[{"id":3274,"href":"https:\/\/kolobor.pl\/index.php\/wp-json\/wp\/v2\/posts\/3272\/revisions\/3274"}],"wp:attachment":[{"href":"https:\/\/kolobor.pl\/index.php\/wp-json\/wp\/v2\/media?parent=3272"}],"wp:term":[{"taxonomy":"category","embeddable":true,"href":"https:\/\/kolobor.pl\/index.php\/wp-json\/wp\/v2\/categories?post=3272"},{"taxonomy":"post_tag","embeddable":true,"href":"https:\/\/kolobor.pl\/index.php\/wp-json\/wp\/v2\/tags?post=3272"}],"curies":[{"name":"wp","href":"https:\/\/api.w.org\/{rel}","templated":true}]}}