{"id":343,"date":"2017-08-30T17:13:55","date_gmt":"2017-08-30T15:13:55","guid":{"rendered":"http:\/\/kolobor.pl\/?p=343"},"modified":"2019-06-24T10:04:25","modified_gmt":"2019-06-24T08:04:25","slug":"program-udzialu-pzl-zielona-gora-w-winobraniu-2017","status":"publish","type":"post","link":"https:\/\/kolobor.pl\/index.php\/2017\/08\/30\/program-udzialu-pzl-zielona-gora-w-winobraniu-2017\/","title":{"rendered":"Program udzia\u0142u PZ\u0141 Zielona G\u00f3ra w WINOBRANIU 2017"},"content":{"rendered":"\n<h3 class=\"wp-block-heading\">Polski Zwi\u0105zek \u0141owiecki w \u201eWinobraniu 2017\u201d <\/h3>\n\n\n\n<p>Okr\u0119gowa Rada \u0141owiecka w Zielonej G\u00f3rze i Zarz\u0105d Okr\u0119gowy Polskiego Zwi\u0105zku \u0141owieckiego w Zielonej G\u00f3rze we wsp\u00f3\u0142pracy z ko\u0142ami \u0142owieckimi naszego okr\u0119gu oraz RDLP w Zielonej G\u00f3rze w ramach \u201eWinobrania 2017\u201d organizuj\u0105 wystaw\u0119 kultury i tradycji \u0142owieckiej. Celem tej wystawy jest przybli\u017cenie mieszka\u0144com Zielonej G\u00f3ry i przyby\u0142ym turystom \u0142owiectwa i my\u015blistwa naszego regionu oraz promocja zielonog\u00f3rskiej tradycji, kultury i kuchni \u0142owieckiej. <\/p>\n\n\n\n<!--more-->\n\n\n\n<p>Zielonog\u00f3rscy my\u015bliwi i sympatycy \u0142owiectwa przemaszeruj\u0105 w korowodzie winobraniowym ulicami Zielonej G\u00f3ry w \u201epe\u0142nej gali\u201d ze sztandarami i insygniami \u0142owieckimi, prezentuj\u0105c jednocze\u015bnie swoje wyroby, trofea i zwyczaje my\u015bliwskie. <\/p>\n\n\n\n<p> Zaprezentujemy mieszka\u0144com regionu i go\u015bciom Winobrania 2017: wystaw\u0119 malarstwa o tematyce my\u015bliwskiej, trofea, pami\u0105tki i suweniry my\u015bliwskie, zbiory kolekcjoner\u00f3w my\u015bliwskich, wydawnictwa \u0142owieckie, stoisko z kuchni\u0105 my\u015bliwsk\u0105 oraz strzelanie na trena\u017cerze my\u015bliwskim i inne\u00a0atrakcje. <\/p>\n\n\n\n<h3 class=\"wp-block-heading\">Program udzia\u0142u PZ\u0141 w \u201eWinobraniu 2017\u201d  <\/h3>\n\n\n\n<p>SOBOTA &#8211; 02.09.2017<br>Godz. 15.00 \u2013 Wizyta Bachusa z bachantkami przy stoisku PZ\u0141 oraz pokaz sygnalist\u00f3w my\u015bliwskich.  <br><br>CODZIENNIE: <br>Pocz\u0119stunek dziczyzn\u0105 i nalewkami: <br>sobota 02.09. &#8211;\u00a0K\u0141 \u201eJele\u0144\u201d Czerwie\u0144sk \u2013 degustacja w\u0119dlin d\u0142ugodojrzewaj\u0105cych\u00a0&#8211; godz. 15.00; <br>niedziela 03.09. &#8211;\u00a0K\u0141 \u201ePi\u017cmak\u201d Niwiska\u00a0&#8211; godz. 17.00;<br>poniedzia\u0142ek 04.09.\u00a0&#8211;\u00a0K\u0141 \u201eD\u0105b\u201d Zielona G\u00f3ra\u00a0&#8211; godz. 17.00;<br>wtorek 05.09. &#8211;\u00a0K\u0141 \u201eDrop\u201d Zielona G\u00f3ra\u00a0&#8211; godz. 17.00;<br>\u015broda 06.09.\u00a0&#8211;\u00a0K\u0141 \u201eKnieja\u201d Zielona G\u00f3ra\u00a0&#8211; godz. 17.00;<br>czwartek 06.09. &#8211; K\u0141 \u201eKruk\u201d Zielona G\u00f3ra &#8211; godz. 17.00;<br>pi\u0105tek 08.09. &#8211; K\u0141 \u201eLe\u015bnik\u201d Zielona G\u00f3ra &#8211; godz. 17.00<br>Inne atrakcje: <br>Edukacja \u0142owiecko-przyrodnicza;<br>Jak zosta\u0107 my\u015bliwym;<br>Na czym polega gospodarka \u0142owiecka;<br>Wystawa zbior\u00f3w artefakt\u00f3w my\u015bliwskich Klubu Kolekcjonera Zielona G\u00f3ra i Klubu\u00a0Kolekcjonera Legnica;<br>Wystawa Wydawnictwa My\u015bliwskiego Mirczment Cz\u0119stochowa;<br>Wystawa artyst\u00f3w naszego regionu zajmuj\u0105cych si\u0119 tematyk\u0105 \u0142owieck\u0105. <br><br>SOBOTA 09.09.2017<br>KOROW\u00d3D WINOBRANIOWY\u00a0&#8211; godz. 12.00 &#8211;\u00a0zielonog\u00f3rscy my\u015bliwi i sympatycy \u0142owiectwa przemaszeruj\u0105 w korowodzie winobraniowym ulicami Zielonej G\u00f3ry. <br> <br>Zbi\u00f3rka uczestnik\u00f3w przemarszu \u2013\u00a0godz. 11.00\u00a0przed Salonem My\u015bliwskim \u201eZ\u0142oty R\u00f3g\u201d (obok wie\u017cowca \u201eZASTAL\u201d przy ul. Sulechowskiej). <br><\/p>\n\n\n\n<div class=\"wp-block-image\"><figure class=\"aligncenter\"><img loading=\"lazy\" decoding=\"async\" width=\"273\" height=\"184\" src=\"https:\/\/kolobor.pl\/wp-content\/uploads\/2019\/06\/winobranie.jpeg\" alt=\"\" class=\"wp-image-344\"\/><\/figure><\/div>\n\n\n\n<p style=\"text-align:right\"> Darz B\u00f3r<\/p>\n\n\n\n<p><br><\/p>\n\n\n\n<p><br><\/p>\n\n\n\n<p><br><\/p>\n","protected":false},"excerpt":{"rendered":"<p>Polski Zwi\u0105zek \u0141owiecki w \u201eWinobraniu 2017\u201d Okr\u0119gowa Rada \u0141owiecka w Zielonej G\u00f3rze i Zarz\u0105d Okr\u0119gowy Polskiego Zwi\u0105zku \u0141owieckiego w Zielonej G\u00f3rze we wsp\u00f3\u0142pracy z ko\u0142ami \u0142owieckimi naszego okr\u0119gu oraz RDLP w Zielonej G\u00f3rze w ramach \u201eWinobrania 2017\u201d organizuj\u0105 wystaw\u0119 kultury i tradycji \u0142owieckiej. Celem tej wystawy jest przybli\u017cenie mieszka\u0144com Zielonej G\u00f3ry i przyby\u0142ym turystom \u0142owiectwa &hellip; <\/p>\n<p class=\"link-more\"><a href=\"https:\/\/kolobor.pl\/index.php\/2017\/08\/30\/program-udzialu-pzl-zielona-gora-w-winobraniu-2017\/\" class=\"more-link\">Czytaj dalej<span class=\"screen-reader-text\"> \u201eProgram udzia\u0142u PZ\u0141 Zielona G\u00f3ra w WINOBRANIU 2017\u201d<\/span><\/a><\/p>\n","protected":false},"author":1,"featured_media":0,"comment_status":"closed","ping_status":"closed","sticky":false,"template":"","format":"standard","meta":{"footnotes":""},"categories":[1],"tags":[],"class_list":["post-343","post","type-post","status-publish","format-standard","hentry","category-bez-kategorii"],"_links":{"self":[{"href":"https:\/\/kolobor.pl\/index.php\/wp-json\/wp\/v2\/posts\/343","targetHints":{"allow":["GET"]}}],"collection":[{"href":"https:\/\/kolobor.pl\/index.php\/wp-json\/wp\/v2\/posts"}],"about":[{"href":"https:\/\/kolobor.pl\/index.php\/wp-json\/wp\/v2\/types\/post"}],"author":[{"embeddable":true,"href":"https:\/\/kolobor.pl\/index.php\/wp-json\/wp\/v2\/users\/1"}],"replies":[{"embeddable":true,"href":"https:\/\/kolobor.pl\/index.php\/wp-json\/wp\/v2\/comments?post=343"}],"version-history":[{"count":2,"href":"https:\/\/kolobor.pl\/index.php\/wp-json\/wp\/v2\/posts\/343\/revisions"}],"predecessor-version":[{"id":346,"href":"https:\/\/kolobor.pl\/index.php\/wp-json\/wp\/v2\/posts\/343\/revisions\/346"}],"wp:attachment":[{"href":"https:\/\/kolobor.pl\/index.php\/wp-json\/wp\/v2\/media?parent=343"}],"wp:term":[{"taxonomy":"category","embeddable":true,"href":"https:\/\/kolobor.pl\/index.php\/wp-json\/wp\/v2\/categories?post=343"},{"taxonomy":"post_tag","embeddable":true,"href":"https:\/\/kolobor.pl\/index.php\/wp-json\/wp\/v2\/tags?post=343"}],"curies":[{"name":"wp","href":"https:\/\/api.w.org\/{rel}","templated":true}]}}