{"id":347,"date":"2017-08-27T21:19:53","date_gmt":"2017-08-27T19:19:53","guid":{"rendered":"http:\/\/kolobor.pl\/?p=347"},"modified":"2019-06-24T10:54:55","modified_gmt":"2019-06-24T08:54:55","slug":"swieto-plonow-w-gminie-czerwiensk-dozynki-w-lesniowie-malym","status":"publish","type":"post","link":"https:\/\/kolobor.pl\/index.php\/2017\/08\/27\/swieto-plonow-w-gminie-czerwiensk-dozynki-w-lesniowie-malym\/","title":{"rendered":"\u015awi\u0119to plon\u00f3w w gminie Czerwie\u0144sk &#8211; Do\u017cynki w Le\u015bniowie Ma\u0142ym"},"content":{"rendered":"\n<p>To by\u0142a sobota 19 sierpnia 2017 roku, wymarzona pogoda na relaks, tym razem relaks do\u017cynkowy. W tym roku do\u017cynki gminne organizowane na terenie wsi Le\u015bni\u00f3w Ma\u0142y. I jak co roku nasze ko\u0142o czynnie uczestniczy w obchodach tego \u015bwi\u0119ta, bo przecie\u017c na terenie gminy Czerwie\u0144sk jest jeden z naszych obwod\u00f3w. Nie tylko Ko\u0142o \u0141owieckie B\u00f3r ma obw\u00f3d \u0142owiecki na terenie tej gminy, dlatego te\u017c wsp\u00f3\u0142pracujemy z Ko\u0142em \u0141owieckim Jele\u0144 Czerwie\u0144sk z kt\u00f3rym mamy wsp\u00f3lne stoisko podczas tego \u015bwi\u0119ta. <\/p>\n\n\n\n<!--more-->\n\n\n\n<p>Dzik upieczony czeka na konsumpcje, wy\u015bmienite wyroby pachn\u0105 i zach\u0119caj\u0105 swoim wygl\u0105dem, a i ekspozycja zach\u0119ca do odwiedzenia naszego namiotu. Mamy te\u017c miejsce edukacyjne dla najm\u0142odszych z ciekawymi nagrodami. Uwaga zaczynamy, s\u0105 pierwsi ch\u0119tni na dzika, kolejka ustawia si\u0119 momentalnie. Delegacje gmin partnerskich z Niemiec kosztuj\u0105 naszej dziczyzny, chwal\u0105 \u017ce smaczne. Pochwali\u0107 rze\u017anik\u00f3w te\u017c trzeba \ud83d\ude42 Wyroby schodz\u0105 jak przys\u0142owiowe ciep\u0142e bu\u0142eczki, ale co si\u0119 dziwi\u0107 jak to wszystko jest pyszne i zdrowe, bo przecie\u017c to natura.  Do stoiska edukacyjnego rodzice przyprowadzaj\u0105 kolejne dzieci, kt\u00f3re razem z nasz\u0105 sta\u017cystk\u0105 Anit\u0105 rysuj\u0105, bawi\u0105 si\u0119 i czas im \u015bwietnie p\u0142ynie podczas gdy rodzice stoj\u0105 w ogonku za pyszno\u015bciami z naszego namiotu. Czas leci bardzo szybko, pogoda dopisuje, blacha po dziku pusta, w\u0119dliny te\u017c poma\u0142u si\u0119 ko\u0144cz\u0105, ale nie ma co si\u0119 dziwi\u0107 bo przecie\u017c wszystko co dobre szybko si\u0119 ko\u0144czy. Kolejne do\u017cynki za rok i pewnie te\u017c b\u0119dziemy, bo przecie\u017c warto dobrze wsp\u00f3\u0142pracowa\u0107 z rolnikami, gmin\u0105, lud\u017ami z kt\u00f3rymi mijamy si\u0119 w \u0142owisku. <\/p>\n\n\n\n<ul class=\"wp-block-gallery aligncenter columns-3 is-cropped wp-block-gallery-1 is-layout-flex wp-block-gallery-is-layout-flex\"><li class=\"blocks-gallery-item\"><figure><img loading=\"lazy\" decoding=\"async\" width=\"1024\" height=\"768\" src=\"https:\/\/kolobor.pl\/wp-content\/uploads\/2019\/06\/2-1-1024x768.jpg\" alt=\"\" data-id=\"348\" data-link=\"https:\/\/kolobor.pl\/?attachment_id=348\" class=\"wp-image-348\" srcset=\"https:\/\/kolobor.pl\/wp-content\/uploads\/2019\/06\/2-1-1024x768.jpg 1024w, https:\/\/kolobor.pl\/wp-content\/uploads\/2019\/06\/2-1-300x225.jpg 300w, https:\/\/kolobor.pl\/wp-content\/uploads\/2019\/06\/2-1-768x576.jpg 768w\" sizes=\"auto, (max-width: 767px) 89vw, (max-width: 1000px) 54vw, (max-width: 1071px) 543px, 580px\" \/><\/figure><\/li><li class=\"blocks-gallery-item\"><figure><img loading=\"lazy\" decoding=\"async\" width=\"768\" height=\"1024\" src=\"https:\/\/kolobor.pl\/wp-content\/uploads\/2019\/06\/3-1-768x1024.jpg\" alt=\"\" data-id=\"349\" data-link=\"https:\/\/kolobor.pl\/?attachment_id=349\" class=\"wp-image-349\" srcset=\"https:\/\/kolobor.pl\/wp-content\/uploads\/2019\/06\/3-1-768x1024.jpg 768w, https:\/\/kolobor.pl\/wp-content\/uploads\/2019\/06\/3-1-225x300.jpg 225w\" sizes=\"auto, (max-width: 767px) 89vw, (max-width: 1000px) 54vw, (max-width: 1071px) 543px, 580px\" \/><\/figure><\/li><li class=\"blocks-gallery-item\"><figure><img loading=\"lazy\" decoding=\"async\" width=\"1024\" height=\"768\" src=\"https:\/\/kolobor.pl\/wp-content\/uploads\/2019\/06\/5-1-1024x768.jpg\" alt=\"\" data-id=\"351\" data-link=\"https:\/\/kolobor.pl\/index.php\/2019\/06\/24\/swieto-plonow-w-gminie-czerwiensk-dozynki-w-lesniowie-malym\/5-2\/\" class=\"wp-image-351\" srcset=\"https:\/\/kolobor.pl\/wp-content\/uploads\/2019\/06\/5-1-1024x768.jpg 1024w, https:\/\/kolobor.pl\/wp-content\/uploads\/2019\/06\/5-1-300x225.jpg 300w, https:\/\/kolobor.pl\/wp-content\/uploads\/2019\/06\/5-1-768x576.jpg 768w\" sizes=\"auto, (max-width: 767px) 89vw, (max-width: 1000px) 54vw, (max-width: 1071px) 543px, 580px\" \/><\/figure><\/li><li class=\"blocks-gallery-item\"><figure><img loading=\"lazy\" decoding=\"async\" width=\"768\" height=\"1024\" src=\"https:\/\/kolobor.pl\/wp-content\/uploads\/2019\/06\/6-768x1024.jpg\" alt=\"\" data-id=\"352\" data-link=\"https:\/\/kolobor.pl\/index.php\/2019\/06\/24\/swieto-plonow-w-gminie-czerwiensk-dozynki-w-lesniowie-malym\/attachment\/6\/\" class=\"wp-image-352\" srcset=\"https:\/\/kolobor.pl\/wp-content\/uploads\/2019\/06\/6-768x1024.jpg 768w, https:\/\/kolobor.pl\/wp-content\/uploads\/2019\/06\/6-225x300.jpg 225w\" sizes=\"auto, (max-width: 767px) 89vw, (max-width: 1000px) 54vw, (max-width: 1071px) 543px, 580px\" \/><\/figure><\/li><li class=\"blocks-gallery-item\"><figure><img loading=\"lazy\" decoding=\"async\" width=\"768\" height=\"1024\" src=\"https:\/\/kolobor.pl\/wp-content\/uploads\/2019\/06\/8-768x1024.jpg\" alt=\"\" data-id=\"354\" data-link=\"https:\/\/kolobor.pl\/index.php\/2019\/06\/24\/swieto-plonow-w-gminie-czerwiensk-dozynki-w-lesniowie-malym\/attachment\/8\/\" class=\"wp-image-354\" srcset=\"https:\/\/kolobor.pl\/wp-content\/uploads\/2019\/06\/8-768x1024.jpg 768w, https:\/\/kolobor.pl\/wp-content\/uploads\/2019\/06\/8-225x300.jpg 225w\" sizes=\"auto, (max-width: 767px) 89vw, (max-width: 1000px) 54vw, (max-width: 1071px) 543px, 580px\" \/><\/figure><\/li><\/ul>\n","protected":false},"excerpt":{"rendered":"<p>To by\u0142a sobota 19 sierpnia 2017 roku, wymarzona pogoda na relaks, tym razem relaks do\u017cynkowy. W tym roku do\u017cynki gminne organizowane na terenie wsi Le\u015bni\u00f3w Ma\u0142y. I jak co roku nasze ko\u0142o czynnie uczestniczy w obchodach tego \u015bwi\u0119ta, bo przecie\u017c na terenie gminy Czerwie\u0144sk jest jeden z naszych obwod\u00f3w. Nie tylko Ko\u0142o \u0141owieckie B\u00f3r ma &hellip; <\/p>\n<p class=\"link-more\"><a href=\"https:\/\/kolobor.pl\/index.php\/2017\/08\/27\/swieto-plonow-w-gminie-czerwiensk-dozynki-w-lesniowie-malym\/\" class=\"more-link\">Czytaj dalej<span class=\"screen-reader-text\"> \u201e\u015awi\u0119to plon\u00f3w w gminie Czerwie\u0144sk &#8211; Do\u017cynki w Le\u015bniowie Ma\u0142ym\u201d<\/span><\/a><\/p>\n","protected":false},"author":1,"featured_media":0,"comment_status":"closed","ping_status":"closed","sticky":false,"template":"","format":"standard","meta":{"footnotes":""},"categories":[1],"tags":[],"class_list":["post-347","post","type-post","status-publish","format-standard","hentry","category-bez-kategorii"],"_links":{"self":[{"href":"https:\/\/kolobor.pl\/index.php\/wp-json\/wp\/v2\/posts\/347","targetHints":{"allow":["GET"]}}],"collection":[{"href":"https:\/\/kolobor.pl\/index.php\/wp-json\/wp\/v2\/posts"}],"about":[{"href":"https:\/\/kolobor.pl\/index.php\/wp-json\/wp\/v2\/types\/post"}],"author":[{"embeddable":true,"href":"https:\/\/kolobor.pl\/index.php\/wp-json\/wp\/v2\/users\/1"}],"replies":[{"embeddable":true,"href":"https:\/\/kolobor.pl\/index.php\/wp-json\/wp\/v2\/comments?post=347"}],"version-history":[{"count":3,"href":"https:\/\/kolobor.pl\/index.php\/wp-json\/wp\/v2\/posts\/347\/revisions"}],"predecessor-version":[{"id":355,"href":"https:\/\/kolobor.pl\/index.php\/wp-json\/wp\/v2\/posts\/347\/revisions\/355"}],"wp:attachment":[{"href":"https:\/\/kolobor.pl\/index.php\/wp-json\/wp\/v2\/media?parent=347"}],"wp:term":[{"taxonomy":"category","embeddable":true,"href":"https:\/\/kolobor.pl\/index.php\/wp-json\/wp\/v2\/categories?post=347"},{"taxonomy":"post_tag","embeddable":true,"href":"https:\/\/kolobor.pl\/index.php\/wp-json\/wp\/v2\/tags?post=347"}],"curies":[{"name":"wp","href":"https:\/\/api.w.org\/{rel}","templated":true}]}}