{"id":422,"date":"2016-12-08T20:31:48","date_gmt":"2016-12-08T19:31:48","guid":{"rendered":"http:\/\/kolobor.pl\/?p=422"},"modified":"2019-06-24T14:36:06","modified_gmt":"2019-06-24T12:36:06","slug":"uchwaly-podjete-na-nwz-w-dniu-06-11-2016-r","status":"publish","type":"post","link":"https:\/\/kolobor.pl\/index.php\/2016\/12\/08\/uchwaly-podjete-na-nwz-w-dniu-06-11-2016-r\/","title":{"rendered":"Uchwa\u0142y podj\u0119te na NWZ w dniu 06.11.2016 r."},"content":{"rendered":"\n<h3 class=\"wp-block-heading\">Uchwa\u0142y podj\u0119te na Nadzwyczajnym Walnym Zgromadzeniu cz\u0142onk\u00f3w\u00a0Ko\u0142a \u0141owieckiego \u201eB\u00d3R\u201d w Zielonej G\u00f3rze w dniu 06.11.2016 r. <\/h3>\n\n\n\n<ol class=\"wp-block-list\"><li>Rezygnacja z remontu stodo\u0142y w m. Chocimek uj\u0119tego w planie dzia\u0142alno\u015bci Ko\u0142a \u201eB\u00d3R\u201d na sezon 2016\/17 w zwi\u0105zku z po\u017carem Domu My\u015bliwskiego.<\/li><li>Zezwolenie dla Zarz\u0105du Ko\u0142a \u201eB\u00d3R\u201d na likwidacj\u0119 szkody w Domu My\u015bliwskimi reprezentowanie Ko\u0142a w ewentualnym sporze s\u0105dowym.<\/li><li>Zmiana miejsca wydawania odstrza\u0142\u00f3w i spotka\u0144 Zarz\u0105du od stycznia 2017 na adres: Zielona G\u00f3ra ul. D\u0105browskiego 25a, siedziba firmy GRIMP.<\/li><li>Informowanie przez my\u015bliwych co najmniej 3 dni przed wyznaczonym polowaniem zbiorowym o potwierdzeniu udzia\u0142u w polowaniu do prowadz\u0105cego polowanie.<\/li><li>Zmieni\u0107 obowi\u0105zuj\u0105c\u0105 uchwa\u0142\u0119 o polowaniu na ptactwo na uchwa\u0142\u0119 zezwalaj\u0105c\u0105na polowanie w ka\u017cdy dzie\u0144 tygodnia w okresie polowa\u0144. <\/li><\/ol>\n","protected":false},"excerpt":{"rendered":"<p>Uchwa\u0142y podj\u0119te na Nadzwyczajnym Walnym Zgromadzeniu cz\u0142onk\u00f3w\u00a0Ko\u0142a \u0141owieckiego \u201eB\u00d3R\u201d w Zielonej G\u00f3rze w dniu 06.11.2016 r. Rezygnacja z remontu stodo\u0142y w m. Chocimek uj\u0119tego w planie dzia\u0142alno\u015bci Ko\u0142a \u201eB\u00d3R\u201d na sezon 2016\/17 w zwi\u0105zku z po\u017carem Domu My\u015bliwskiego. Zezwolenie dla Zarz\u0105du Ko\u0142a \u201eB\u00d3R\u201d na likwidacj\u0119 szkody w Domu My\u015bliwskimi reprezentowanie Ko\u0142a w ewentualnym sporze s\u0105dowym. &hellip; <\/p>\n<p class=\"link-more\"><a href=\"https:\/\/kolobor.pl\/index.php\/2016\/12\/08\/uchwaly-podjete-na-nwz-w-dniu-06-11-2016-r\/\" class=\"more-link\">Czytaj dalej<span class=\"screen-reader-text\"> \u201eUchwa\u0142y podj\u0119te na NWZ w dniu 06.11.2016 r.\u201d<\/span><\/a><\/p>\n","protected":false},"author":1,"featured_media":0,"comment_status":"closed","ping_status":"closed","sticky":false,"template":"","format":"standard","meta":{"footnotes":""},"categories":[1],"tags":[],"class_list":["post-422","post","type-post","status-publish","format-standard","hentry","category-bez-kategorii"],"_links":{"self":[{"href":"https:\/\/kolobor.pl\/index.php\/wp-json\/wp\/v2\/posts\/422","targetHints":{"allow":["GET"]}}],"collection":[{"href":"https:\/\/kolobor.pl\/index.php\/wp-json\/wp\/v2\/posts"}],"about":[{"href":"https:\/\/kolobor.pl\/index.php\/wp-json\/wp\/v2\/types\/post"}],"author":[{"embeddable":true,"href":"https:\/\/kolobor.pl\/index.php\/wp-json\/wp\/v2\/users\/1"}],"replies":[{"embeddable":true,"href":"https:\/\/kolobor.pl\/index.php\/wp-json\/wp\/v2\/comments?post=422"}],"version-history":[{"count":1,"href":"https:\/\/kolobor.pl\/index.php\/wp-json\/wp\/v2\/posts\/422\/revisions"}],"predecessor-version":[{"id":423,"href":"https:\/\/kolobor.pl\/index.php\/wp-json\/wp\/v2\/posts\/422\/revisions\/423"}],"wp:attachment":[{"href":"https:\/\/kolobor.pl\/index.php\/wp-json\/wp\/v2\/media?parent=422"}],"wp:term":[{"taxonomy":"category","embeddable":true,"href":"https:\/\/kolobor.pl\/index.php\/wp-json\/wp\/v2\/categories?post=422"},{"taxonomy":"post_tag","embeddable":true,"href":"https:\/\/kolobor.pl\/index.php\/wp-json\/wp\/v2\/tags?post=422"}],"curies":[{"name":"wp","href":"https:\/\/api.w.org\/{rel}","templated":true}]}}