{"id":604,"date":"2019-09-04T21:53:06","date_gmt":"2019-09-04T19:53:06","guid":{"rendered":"http:\/\/kolobor.pl\/?p=604"},"modified":"2019-09-30T10:46:29","modified_gmt":"2019-09-30T08:46:29","slug":"dozynki-w-laskach","status":"publish","type":"post","link":"https:\/\/kolobor.pl\/index.php\/2019\/09\/04\/dozynki-w-laskach\/","title":{"rendered":"Do\u017cynki w Laskach"},"content":{"rendered":"\n<p>Jest ju\u017c tradycj\u0105, \u017ce Ko\u0142a \u0141owieckie \u201eJele\u0144\u201d Czerwie\u0144sk i\n\u201eB\u00f3r\u201d Zielona G\u00f3ra, w\u0142\u0105czaj\u0105 si\u0119 w organizacj\u0119 do\u017cynek Gminy i Miasta\nCzerwie\u0144sk. W tym roku Do\u017cynki Gminne odby\u0142y si\u0119 w dniu 17.08.2019 r. w\nprzepi\u0119knym parku w Laskach.<\/p>\n\n\n\n<!--more-->\n\n\n\n<p>My\u015bliwi z \u201eJelenia\u201d i \u201eBoru\u201d ustawili namiot, przy kt\u00f3rym\nby\u0142y eksponaty my\u015bliwskie, tablice informacyjne oraz logo obydwu k\u00f3\u0142.\nStanowisko cieszy\u0142o bardzo du\u017cym zainteresowaniem, szczeg\u00f3lnie dzieci.<\/p>\n\n\n\n<p>Jak zawsze nie zabrak\u0142o wyrob\u00f3w z dziczyzny. Tradycyjnie,\nKo\u0142o \u201eJele\u0144\u201d przygotowa\u0142o wyroby w\u0119dliniarskie, natomiast Ko\u0142o \u201eB\u00f3r\u201d zafundowa\u0142\npieczonego dzika. Szyneczki, schabiki i kie\u0142baski, bardzo wszystkim smakowa\u0142y,\na &nbsp;prawdziw\u0105 atrakcj\u0105 okaza\u0142 si\u0119 pieczony\ndzik, za kt\u00f3rym ustawi\u0142a si\u0119 d\u0142uga kolejka. Na degustacj\u0119 naszych smako\u0142yk\u00f3w\nprzyszli nie tylko mieszka\u0144cy Gminy, ale r\u00f3wnie\u017c i zaproszeni liczni go\u015bcie z\nWicewojewod\u0105 i Starost\u0105 na czele. Prezes&nbsp;\n\u201eJelenia\u201d Zbigniew Nowacki oraz \u0141owczy \u201eBoru\u201d Dionizy St\u0119pniewski &nbsp;opowiadali wszystkim zainteresowanym o swoich\nko\u0142ach \u0142owieckich, jak i r\u00f3wnie\u017c o zwierzynie wyst\u0119puj\u0105cej w okolicznych lasach\ni polach. <\/p>\n\n\n\n<p>Bardzo fajnym akcentem \u0142owieckim by\u0142 wyst\u0119p Paw\u0142a i Piotra\nDomaga\u0142y, m\u0142odych mieszka\u0144c\u00f3w Lasek i jednocze\u015bnie sta\u017cyst\u00f3w Ko\u0142a \u0141owieckiego\n\u201eJele\u0144\u201d Czerwie\u0144sk,. M\u0142odzi adepci my\u015blistwa zagrali sygna\u0142y \u0142owieckie zwi\u0105zane\nz polowaniem oraz \u0142adnie zapowiedzieli ka\u017cdy z granych sygna\u0142\u00f3w.<\/p>\n\n\n\n<p>W czasie wr\u0119czania nagr\u00f3d w Turnieju Miast Partnerskich, nie\nzabrak\u0142o r\u00f3wnie\u017c akcentu \u0142owieckiego, poniewa\u017c obydwa ko\u0142a ufundowa\u0142y nagrody\ndla zwyci\u0119zc\u00f3w. <\/p>\n\n\n\n<figure class=\"wp-block-image\"><img loading=\"lazy\" decoding=\"async\" width=\"1024\" height=\"768\" src=\"https:\/\/kolobor.pl\/wp-content\/uploads\/2019\/09\/Prezes-i-\u0141owczy-1024x768.jpg\" alt=\"\" class=\"wp-image-605\" srcset=\"https:\/\/kolobor.pl\/wp-content\/uploads\/2019\/09\/Prezes-i-\u0141owczy-1024x768.jpg 1024w, https:\/\/kolobor.pl\/wp-content\/uploads\/2019\/09\/Prezes-i-\u0141owczy-300x225.jpg 300w, https:\/\/kolobor.pl\/wp-content\/uploads\/2019\/09\/Prezes-i-\u0141owczy-768x576.jpg 768w\" sizes=\"auto, (max-width: 767px) 89vw, (max-width: 1000px) 54vw, (max-width: 1071px) 543px, 580px\" \/><\/figure>\n\n\n\n<figure class=\"wp-block-image\"><img loading=\"lazy\" decoding=\"async\" width=\"1024\" height=\"768\" src=\"https:\/\/kolobor.pl\/wp-content\/uploads\/2019\/09\/Sygnali\u015bci-1024x768.jpg\" alt=\"\" class=\"wp-image-606\" srcset=\"https:\/\/kolobor.pl\/wp-content\/uploads\/2019\/09\/Sygnali\u015bci-1024x768.jpg 1024w, https:\/\/kolobor.pl\/wp-content\/uploads\/2019\/09\/Sygnali\u015bci-300x225.jpg 300w, https:\/\/kolobor.pl\/wp-content\/uploads\/2019\/09\/Sygnali\u015bci-768x576.jpg 768w\" sizes=\"auto, (max-width: 767px) 89vw, (max-width: 1000px) 54vw, (max-width: 1071px) 543px, 580px\" \/><\/figure>\n\n\n\n<figure class=\"wp-block-image\"><img loading=\"lazy\" decoding=\"async\" width=\"1024\" height=\"768\" src=\"https:\/\/kolobor.pl\/wp-content\/uploads\/2019\/09\/Stanowisko-1024x768.jpg\" alt=\"\" class=\"wp-image-607\" srcset=\"https:\/\/kolobor.pl\/wp-content\/uploads\/2019\/09\/Stanowisko-1024x768.jpg 1024w, https:\/\/kolobor.pl\/wp-content\/uploads\/2019\/09\/Stanowisko-300x225.jpg 300w, https:\/\/kolobor.pl\/wp-content\/uploads\/2019\/09\/Stanowisko-768x576.jpg 768w\" sizes=\"auto, (max-width: 767px) 89vw, (max-width: 1000px) 54vw, (max-width: 1071px) 543px, 580px\" \/><\/figure>\n","protected":false},"excerpt":{"rendered":"<p>Jest ju\u017c tradycj\u0105, \u017ce Ko\u0142a \u0141owieckie \u201eJele\u0144\u201d Czerwie\u0144sk i \u201eB\u00f3r\u201d Zielona G\u00f3ra, w\u0142\u0105czaj\u0105 si\u0119 w organizacj\u0119 do\u017cynek Gminy i Miasta Czerwie\u0144sk. W tym roku Do\u017cynki Gminne odby\u0142y si\u0119 w dniu 17.08.2019 r. w przepi\u0119knym parku w Laskach.<\/p>\n","protected":false},"author":5,"featured_media":0,"comment_status":"open","ping_status":"open","sticky":false,"template":"","format":"standard","meta":{"footnotes":""},"categories":[1],"tags":[],"class_list":["post-604","post","type-post","status-publish","format-standard","hentry","category-bez-kategorii"],"_links":{"self":[{"href":"https:\/\/kolobor.pl\/index.php\/wp-json\/wp\/v2\/posts\/604","targetHints":{"allow":["GET"]}}],"collection":[{"href":"https:\/\/kolobor.pl\/index.php\/wp-json\/wp\/v2\/posts"}],"about":[{"href":"https:\/\/kolobor.pl\/index.php\/wp-json\/wp\/v2\/types\/post"}],"author":[{"embeddable":true,"href":"https:\/\/kolobor.pl\/index.php\/wp-json\/wp\/v2\/users\/5"}],"replies":[{"embeddable":true,"href":"https:\/\/kolobor.pl\/index.php\/wp-json\/wp\/v2\/comments?post=604"}],"version-history":[{"count":2,"href":"https:\/\/kolobor.pl\/index.php\/wp-json\/wp\/v2\/posts\/604\/revisions"}],"predecessor-version":[{"id":626,"href":"https:\/\/kolobor.pl\/index.php\/wp-json\/wp\/v2\/posts\/604\/revisions\/626"}],"wp:attachment":[{"href":"https:\/\/kolobor.pl\/index.php\/wp-json\/wp\/v2\/media?parent=604"}],"wp:term":[{"taxonomy":"category","embeddable":true,"href":"https:\/\/kolobor.pl\/index.php\/wp-json\/wp\/v2\/categories?post=604"},{"taxonomy":"post_tag","embeddable":true,"href":"https:\/\/kolobor.pl\/index.php\/wp-json\/wp\/v2\/tags?post=604"}],"curies":[{"name":"wp","href":"https:\/\/api.w.org\/{rel}","templated":true}]}}