{"id":933,"date":"2020-06-01T15:19:35","date_gmt":"2020-06-01T13:19:35","guid":{"rendered":"http:\/\/kolobor.pl\/?p=933"},"modified":"2020-06-07T08:54:20","modified_gmt":"2020-06-07T06:54:20","slug":"zloty-rogacz-i-nie-tylko","status":"publish","type":"post","link":"https:\/\/kolobor.pl\/index.php\/2020\/06\/01\/zloty-rogacz-i-nie-tylko\/","title":{"rendered":"&#8222;Z\u0142oty Rogacz&#8221; i nie tylko&#8230;"},"content":{"rendered":"\n<figure class=\"wp-block-image\"><img loading=\"lazy\" decoding=\"async\" width=\"512\" height=\"239\" src=\"https:\/\/kolobor.pl\/wp-content\/uploads\/2020\/06\/zloty-rogacz.jpg\" alt=\"\" class=\"wp-image-934\" srcset=\"https:\/\/kolobor.pl\/wp-content\/uploads\/2020\/06\/zloty-rogacz.jpg 512w, https:\/\/kolobor.pl\/wp-content\/uploads\/2020\/06\/zloty-rogacz-300x140.jpg 300w\" sizes=\"auto, (max-width: 512px) 100vw, 512px\" \/><\/figure>\n\n\n\n<p>Wszystkich cz\u0142onk\u00f3w naszego Ko\u0142a zapraszamy w dniu 19 czerwca 2020 r. na organizowane indywidualne polowanie na &#8222;Z\u0142otego Rogacza&#8221; i nie tylko.  Zbi\u00f3rka rozpoczyna si\u0119 o godzinie 17:00 przy domku my\u015bliwskim w Chocimku.  Prowadz\u0105cym polowanie b\u0119dzie kol. Kamil Reszczy\u0144ski.  Podczas polowania b\u0119dziemy walczy\u0107 o trofea za : &#8222;Z\u0142otego rogacza&#8221;, &#8222;Z\u0142ota or\u0119\u017c&#8221; oraz &#8222;Z\u0142ota kita&#8221;, dlatego zapraszamy wszystkich my\u015bliwych  (r\u00f3wnie\u017c nie selekcjoner\u00f3w) . Polowanie b\u0119dzie mia\u0142o szczeg\u00f3lny charakter, noc b\u0119dzie jedn\u0105 z najkr\u00f3tszych w roku, dlatego zaplanowali\u015bmy polowanie do  rana.<\/p>\n\n\n\n<p><strong>program: <\/strong><\/p>\n\n\n\n<p>17:00 Zbi\u00f3rka (losowanie urz\u0105dze\u0144)<\/p>\n\n\n\n<p>&#8230;. rozjazd w \u0142owisko i polowanie<\/p>\n\n\n\n<p>od 22:00 na domku odb\u0119dzie si\u0119 ognisko, kolacja, niespodzianka.<\/p>\n\n\n\n<p>&#8230;  rozjazd w \u0142owisko i polowanie <\/p>\n\n\n\n<p>8:00 pokot, rozdanie nagr\u00f3d. <\/p>\n\n\n\n<p>Zapisa\u0107 mo\u017cna si\u0119 za po\u015brednictwem systemu EKEP (elektroniczna ksi\u0105\u017cka polowa\u0144) lub u kol. Kamila Reszczy\u0144skiego. <\/p>\n\n\n\n<p>Podczas polowania mo\u017cna wzi\u0105\u0107 karimat\u0119 i \u015bpiw\u00f3r i si\u0119 zdrzemn\u0105\u0107 na domku. <\/p>\n\n\n\n<p>Do zobaczenia. <\/p>\n\n\n\n<p style=\"text-align:right\">Darz B\u00f3r !<\/p>\n\n\n\n<p style=\"text-align:right\">red. Pawe\u0142 \u0141.<\/p>\n","protected":false},"excerpt":{"rendered":"<p>Wszystkich cz\u0142onk\u00f3w naszego Ko\u0142a zapraszamy w dniu 19 czerwca 2020 r. na organizowane indywidualne polowanie na &#8222;Z\u0142otego Rogacza&#8221; i nie tylko. Zbi\u00f3rka rozpoczyna si\u0119 o godzinie 17:00 przy domku my\u015bliwskim w Chocimku. Prowadz\u0105cym polowanie b\u0119dzie kol. Kamil Reszczy\u0144ski. Podczas polowania b\u0119dziemy walczy\u0107 o trofea za : &#8222;Z\u0142otego rogacza&#8221;, &#8222;Z\u0142ota or\u0119\u017c&#8221; oraz &#8222;Z\u0142ota kita&#8221;, dlatego zapraszamy &hellip; <\/p>\n<p class=\"link-more\"><a href=\"https:\/\/kolobor.pl\/index.php\/2020\/06\/01\/zloty-rogacz-i-nie-tylko\/\" class=\"more-link\">Czytaj dalej<span class=\"screen-reader-text\"> \u201e&#8222;Z\u0142oty Rogacz&#8221; i nie tylko&#8230;\u201d<\/span><\/a><\/p>\n","protected":false},"author":5,"featured_media":0,"comment_status":"open","ping_status":"open","sticky":false,"template":"","format":"standard","meta":{"footnotes":""},"categories":[1],"tags":[],"class_list":["post-933","post","type-post","status-publish","format-standard","hentry","category-bez-kategorii"],"_links":{"self":[{"href":"https:\/\/kolobor.pl\/index.php\/wp-json\/wp\/v2\/posts\/933","targetHints":{"allow":["GET"]}}],"collection":[{"href":"https:\/\/kolobor.pl\/index.php\/wp-json\/wp\/v2\/posts"}],"about":[{"href":"https:\/\/kolobor.pl\/index.php\/wp-json\/wp\/v2\/types\/post"}],"author":[{"embeddable":true,"href":"https:\/\/kolobor.pl\/index.php\/wp-json\/wp\/v2\/users\/5"}],"replies":[{"embeddable":true,"href":"https:\/\/kolobor.pl\/index.php\/wp-json\/wp\/v2\/comments?post=933"}],"version-history":[{"count":4,"href":"https:\/\/kolobor.pl\/index.php\/wp-json\/wp\/v2\/posts\/933\/revisions"}],"predecessor-version":[{"id":948,"href":"https:\/\/kolobor.pl\/index.php\/wp-json\/wp\/v2\/posts\/933\/revisions\/948"}],"wp:attachment":[{"href":"https:\/\/kolobor.pl\/index.php\/wp-json\/wp\/v2\/media?parent=933"}],"wp:term":[{"taxonomy":"category","embeddable":true,"href":"https:\/\/kolobor.pl\/index.php\/wp-json\/wp\/v2\/categories?post=933"},{"taxonomy":"post_tag","embeddable":true,"href":"https:\/\/kolobor.pl\/index.php\/wp-json\/wp\/v2\/tags?post=933"}],"curies":[{"name":"wp","href":"https:\/\/api.w.org\/{rel}","templated":true}]}}